{"id":4203,"date":"2024-08-23T16:47:46","date_gmt":"2024-08-23T14:47:46","guid":{"rendered":"https:\/\/racinesdudesert.com\/stages-retraites-d%C3%A9sert\/?p=4203"},"modified":"2026-04-24T17:13:38","modified_gmt":"2026-04-24T15:13:38","slug":"le-retour-a-soi","status":"publish","type":"post","link":"https:\/\/racinesdudesert.com\/stages-retraites-d%C3%A9sert\/le-retour-a-soi\/","title":{"rendered":"Le Retour \u00e0 Soi &#8211; \u00e9dition 2"},"content":{"rendered":"\n<h2 class=\"wp-block-heading has-accent-2-color has-text-color\">Invitation Le Retour \u00e0 Soi dans le silence du d\u00e9sert<\/h2>\n\n\n\n<p>21-28 MARS 2026<\/p>\n\n\n\n<h3 class=\"wp-block-heading\">Une parenth\u00e8se pour se reconnecter \u00e0 soi, aux autres femmes et au d\u00e9sert&nbsp;<\/h3>\n\n\n\n<p>Le d\u00e9sert n\u2019attend que vous. Son silence est une invitation, son immensit\u00e9 un miroir pour votre c\u0153ur. Ici, loin du tumulte et des obligations, le temps s\u2019\u00e9tire et chaque souffle devient pr\u00e9cieux.<\/p>\n\n\n\n<p>Pendant quelques jours, vous poserez vos valises int\u00e9rieures et apprendrez \u00e0 \u00e9couter : votre corps, vos \u00e9motions, vos envies profondes. De la marche, des mouvements doux de Yoga, des m\u00e9ditations, des moments autour du feu, du Reiki (soin \u00e9nerg\u00e9tique), des ateliers\u2026Tout est pens\u00e9 pour que vous puissiez&nbsp;<strong>vous retrouver, respirer, vous ressourcer<\/strong>.<\/p>\n\n\n\n<p>Et surtout, vous d\u00e9couvrirez la&nbsp;<strong>puissance de la sororit\u00e9<\/strong>. Le partage, le soutien et la pr\u00e9sence des autres femmes cr\u00e9ent une \u00e9nergie unique et lib\u00e9ratrice. Ensemble, vous vous reconnecterez \u00e0 votre force int\u00e9rieure, \u00e9changerez vos exp\u00e9riences, et exp\u00e9rimenterez la magie de&nbsp;<strong>grandir et rayonner dans un cercle bienveillant<\/strong>.<\/p>\n\n\n\n<p>Vous aurez \u00e9galement le privil\u00e8ge d\u2019\u00e9voluer&nbsp;<strong>aux c\u00f4t\u00e9s des Nomades<\/strong>, ces sages du d\u00e9sert qui vivent en harmonie avec la nature et offrent une belle le\u00e7on d\u2019humanit\u00e9. Leur simplicit\u00e9, leur respect profond de la vie et leur sagesse silencieuse vous inspireront et nourriront votre chemin int\u00e9rieur.<\/p>\n\n\n\n<p>C\u2019est un espace o\u00f9 tout est possible : vous reconnecter \u00e0 votre \u00e9nergie, vous recentrer, accueillir vos \u00e9motions, faire la paix avec votre rythme et avec vous-m\u00eame. Et quand la nuit tombe, le ciel \u00e9toil\u00e9 du d\u00e9sert vous rappelle que vous faites partie d\u2019un tout plus vaste, et que ce tout est encore plus fort lorsqu\u2019il est partag\u00e9.<\/p>\n\n\n\n<p>Cette ann\u00e9e, offrez-vous ce voyage int\u00e9rieur et collectif. Le d\u00e9sert, les femmes et les Nomades vous tendent les bras. Venez exp\u00e9rimenter la beaut\u00e9 de la simplicit\u00e9, la puissance du groupe, et la douceur d\u2019\u00eatre pleinement vous.<\/p>\n\n\n\n<div class=\"wp-block-jetpack-tiled-gallery aligncenter is-style-rectangular\"><div class=\"\"><div class=\"tiled-gallery__gallery\"><div class=\"tiled-gallery__row\"><div class=\"tiled-gallery__col\" style=\"flex-basis:49.88133%\"><figure class=\"tiled-gallery__item\"><img decoding=\"async\" srcset=\"https:\/\/i0.wp.com\/racinesdudesert.com\/stages-retraites-d%C3%A9sert\/wp-content\/uploads\/Marche-crete-dunes-600x400-1.jpg?strip=info&#038;w=600&#038;ssl=1 600w\" alt=\"\" data-height=\"400\" data-id=\"4237\" data-link=\"https:\/\/racinesdudesert.com\/stages-retraites-d%C3%A9sert\/marche-crete-dunes-600x400\/\" data-url=\"https:\/\/racinesdudesert.com\/stages-retraites-d%C3%A9sert\/wp-content\/uploads\/Marche-crete-dunes-600x400-1.jpg\" data-width=\"600\" src=\"https:\/\/i0.wp.com\/racinesdudesert.com\/stages-retraites-d%C3%A9sert\/wp-content\/uploads\/Marche-crete-dunes-600x400-1.jpg?ssl=1\" data-amp-layout=\"responsive\"\/><\/figure><figure class=\"tiled-gallery__item\"><img decoding=\"async\" srcset=\"https:\/\/i0.wp.com\/racinesdudesert.com\/stages-retraites-d%C3%A9sert\/wp-content\/uploads\/Nomades-et-dromadaires-600x400-1.jpeg?strip=info&#038;w=600&#038;ssl=1 600w\" alt=\"\" data-height=\"400\" data-id=\"5834\" data-link=\"https:\/\/racinesdudesert.com\/stages-retraites-d%C3%A9sert\/nomades-et-dromadaires-600x400\/\" data-url=\"https:\/\/racinesdudesert.com\/stages-retraites-d%C3%A9sert\/wp-content\/uploads\/Nomades-et-dromadaires-600x400-1.jpeg\" data-width=\"600\" src=\"https:\/\/i0.wp.com\/racinesdudesert.com\/stages-retraites-d%C3%A9sert\/wp-content\/uploads\/Nomades-et-dromadaires-600x400-1.jpeg?ssl=1\" data-amp-layout=\"responsive\"\/><\/figure><\/div><div class=\"tiled-gallery__col\" style=\"flex-basis:50.11867%\"><figure class=\"tiled-gallery__item\"><img decoding=\"async\" srcset=\"https:\/\/i0.wp.com\/racinesdudesert.com\/stages-retraites-d%C3%A9sert\/wp-content\/uploads\/Nomade-dans-les-dunes-600x800-1.jpeg?strip=info&#038;w=600&#038;ssl=1 600w\" alt=\"\" data-height=\"800\" data-id=\"5833\" data-link=\"https:\/\/racinesdudesert.com\/stages-retraites-d%C3%A9sert\/nomade-dans-les-dunes-600x800\/\" data-url=\"https:\/\/racinesdudesert.com\/stages-retraites-d%C3%A9sert\/wp-content\/uploads\/Nomade-dans-les-dunes-600x800-1.jpeg\" data-width=\"600\" src=\"https:\/\/i0.wp.com\/racinesdudesert.com\/stages-retraites-d%C3%A9sert\/wp-content\/uploads\/Nomade-dans-les-dunes-600x800-1.jpeg?ssl=1\" data-amp-layout=\"responsive\"\/><\/figure><\/div><\/div><\/div><\/div><\/div>\n\n\n\n<div style=\"height:50px\" aria-hidden=\"true\" class=\"wp-block-spacer\"><\/div>\n\n\n\n<div class=\"wp-block-buttons is-content-justification-center is-layout-flex wp-container-core-buttons-is-layout-a89b3969 wp-block-buttons-is-layout-flex\">\n<div class=\"wp-block-button\"><a class=\"wp-block-button__link has-accent-2-background-color has-background wp-element-button\" href=\"https:\/\/racinesdudesert.com\/inscription-retraite-le-retour-a-soi\/\" target=\"_blank\" rel=\"noreferrer noopener\">Inscriptions<\/a><\/div>\n<\/div>\n\n\n\n<div style=\"height:50px\" aria-hidden=\"true\" class=\"wp-block-spacer\"><\/div>\n\n\n\n<hr class=\"wp-block-separator has-text-color has-accent-2-color has-alpha-channel-opacity has-accent-2-background-color has-background\"\/>\n\n\n\n<div style=\"height:30px\" aria-hidden=\"true\" class=\"wp-block-spacer\"><\/div>\n\n\n\n<h2 class=\"wp-block-heading has-accent-2-color has-text-color\">Le programme de la retraite Le Retour \u00e0 Soi en un coup d&rsquo;\u0153il<\/h2>\n\n\n\n<div class=\"wp-block-group is-layout-constrained wp-block-group-is-layout-constrained\">\n<ul class=\"wp-block-list\">\n<li><strong>Samedi 21 mars 202<\/strong>6 : Accueil \u00e0 l&rsquo;a\u00e9roport de Marrakech &#8211; Transfert au riad &#8211; soir\u00e9e et d\u00eener libre &#8211; nuit au riad<\/li>\n\n\n\n<li><strong>Dimanche 22 mars <\/strong>: d\u00e9part de Marrakech t\u00f4t le matin &#8211; Trajet vers M\u2019hamid. D\u00e9jeuner dans un resto local \u00e0 Ouarzazate \u2013 Arriv\u00e9e \u00e0 M&rsquo;Hamid en fin d&rsquo;apr\u00e8s-midi &#8211; Transfert en 4\u00d74 jusqu&rsquo;au bivouac fixe entre les dunes pour la premi\u00e8re nuit dans le d\u00e9sert &#8211; Cercle d&rsquo;ouverture &#8211; D\u00eener&nbsp;au restaurant du bivouac et soir\u00e9e autour du feu en musique&nbsp;avec les Nomades.<\/li>\n\n\n\n<li><strong>Lundi 23 \u00e0 mercredi 25 mars :<\/strong> trek (3h-3h30 de marche) \u2013 Yoga matin (30min) et fin de journ\u00e9e (1h ) \/ s\u00e9ance reiki l\u2019apr\u00e8s midi en individuel pour que chacun des participants re\u00e7oivent un soin reiki durant son s\u00e9jour &#8211; Nuit en bivouac nomade<\/li>\n\n\n\n<li><strong>Jeudi 26 mars <\/strong>: journ\u00e9e fixe \u00e0 la dune hurlante \u2013 journ\u00e9e silencieuse et soin reiki &#8211; retour en 4\u00d74 jusqu\u2019au bivouac fixe \u2013 D\u00eener et derni\u00e8re soir\u00e9e dans le d\u00e9sert, au bivouac fixe.<\/li>\n\n\n\n<li><strong>Vendredi 27 mars <\/strong>: retour \u00e0 M\u2019Hamid \u2013 Puis d\u00e9part pour Marrakech \u2013 D\u00e9jeuner sur la route \u2013<em>&nbsp;<\/em>arriv\u00e9e en soir\u00e9e &#8211; d\u00eener libre &#8211; nuit au riad<\/li>\n\n\n\n<li><strong>Samedi 28 mars <\/strong>: transfert \u00e0 l&rsquo;a\u00e9roport pour le vol retour<\/li>\n<\/ul>\n<\/div>\n\n\n\n<p><\/p>\n\n\n\n<div style=\"height:50px\" aria-hidden=\"true\" class=\"wp-block-spacer\"><\/div>\n\n\n\n<hr class=\"wp-block-separator has-text-color has-accent-2-color has-alpha-channel-opacity has-accent-2-background-color has-background\"\/>\n\n\n\n<div style=\"height:30px\" aria-hidden=\"true\" class=\"wp-block-spacer\"><\/div>\n\n\n\n<h2 class=\"wp-block-heading has-accent-2-color has-text-color\">Les ateliers<\/h2>\n\n\n\n<div class=\"wp-block-columns is-layout-flex wp-container-core-columns-is-layout-28f84493 wp-block-columns-is-layout-flex\">\n<div class=\"wp-block-column is-layout-flow wp-block-column-is-layout-flow\">\n<div class=\"wp-block-media-text alignwide has-media-on-the-right is-stacked-on-mobile is-vertically-aligned-top\"><div class=\"wp-block-media-text__content\">\n<h3 class=\"wp-block-heading has-text-align-center has-accent-1-color has-text-color\"><span style=\"color:#e86202\" class=\"tadv-color\">Yoga<\/span><\/h3>\n\n\n\n<div style=\"height:5px\" aria-hidden=\"true\" class=\"wp-block-spacer\"><\/div>\n\n\n\n<hr class=\"wp-block-separator has-text-color has-accent-1-color has-alpha-channel-opacity has-accent-1-background-color has-background\"\/>\n\n\n\n<div style=\"height:5px\" aria-hidden=\"true\" class=\"wp-block-spacer\"><\/div>\n\n\n\n<p>Matin et soir nous pratiquerons le Yoga (m\u00e9ditation, postures vinyasa, pranayama).<\/p>\n\n\n\n<p>Un yoga dynamique mais \u00e0 un niveau accessible \u00e0 tous et adapt\u00e9 \u00e0 nos besoins du moment et suivant notre \u00e9nergie.<\/p>\n<\/div><figure class=\"wp-block-media-text__media\"><img data-recalc-dims=\"1\" loading=\"lazy\" decoding=\"async\" width=\"450\" height=\"600\" src=\"https:\/\/i0.wp.com\/racinesdudesert.com\/stages-retraites-d%C3%A9sert\/wp-content\/uploads\/Yoga-dans-le-desert-450x600-1.jpeg?resize=450%2C600&#038;ssl=1\" alt=\"\" class=\"wp-image-5832 size-full\" srcset=\"https:\/\/i0.wp.com\/racinesdudesert.com\/stages-retraites-d%C3%A9sert\/wp-content\/uploads\/Yoga-dans-le-desert-450x600-1.jpeg?w=450&amp;ssl=1 450w, https:\/\/i0.wp.com\/racinesdudesert.com\/stages-retraites-d%C3%A9sert\/wp-content\/uploads\/Yoga-dans-le-desert-450x600-1.jpeg?resize=300%2C400&amp;ssl=1 300w\" sizes=\"auto, (max-width: 450px) 100vw, 450px\" \/><\/figure><\/div>\n\n\n\n<div style=\"height:20px\" aria-hidden=\"true\" class=\"wp-block-spacer\"><\/div>\n\n\n\n<div class=\"wp-block-media-text alignwide is-stacked-on-mobile is-vertically-aligned-top\"><figure class=\"wp-block-media-text__media\"><img data-recalc-dims=\"1\" loading=\"lazy\" decoding=\"async\" width=\"450\" height=\"600\" src=\"https:\/\/i0.wp.com\/racinesdudesert.com\/stages-retraites-d%C3%A9sert\/wp-content\/uploads\/Reiki-sous-la-tente-450x600-1.jpg?resize=450%2C600&#038;ssl=1\" alt=\"Soin Reiki\" class=\"wp-image-4217 size-full\" srcset=\"https:\/\/i0.wp.com\/racinesdudesert.com\/stages-retraites-d%C3%A9sert\/wp-content\/uploads\/Reiki-sous-la-tente-450x600-1.jpg?w=450&amp;ssl=1 450w, https:\/\/i0.wp.com\/racinesdudesert.com\/stages-retraites-d%C3%A9sert\/wp-content\/uploads\/Reiki-sous-la-tente-450x600-1.jpg?resize=300%2C400&amp;ssl=1 300w\" sizes=\"auto, (max-width: 450px) 100vw, 450px\" \/><\/figure><div class=\"wp-block-media-text__content\">\n<h3 class=\"wp-block-heading has-text-align-center has-accent-1-color has-text-color\"><span style=\"color:#e86202\" class=\"tadv-color\">Reiki Usui et shamballa<\/span><\/h3>\n\n\n\n<div style=\"height:5px\" aria-hidden=\"true\" class=\"wp-block-spacer\"><\/div>\n\n\n\n<hr class=\"wp-block-separator has-text-color has-accent-1-color has-alpha-channel-opacity has-accent-1-background-color has-background\"\/>\n\n\n\n<div style=\"height:5px\" aria-hidden=\"true\" class=\"wp-block-spacer\"><\/div>\n\n\n\n<p>Le Reiki est un mot japonais qui signifie \u00c9nergie Universelle de vie, Force en mouvement de l\u2019univers. Le Reiki est un art de soigner et de se soigner par imposition des mains. C\u2019est un soin \u00e9nerg\u00e9tique. <\/p>\n\n\n\n<p>Le r\u00e9sultat est le plus g\u00e9n\u00e9ralement un sentiment de profonde relaxation.<\/p>\n\n\n\n<p><\/p>\n<\/div><\/div>\n<\/div>\n\n\n\n<div class=\"wp-block-column is-layout-flow wp-block-column-is-layout-flow\">\n<div class=\"wp-block-media-text alignwide has-media-on-the-right is-stacked-on-mobile is-vertically-aligned-top\"><div class=\"wp-block-media-text__content\">\n<h3 class=\"wp-block-heading has-text-align-center has-accent-1-color has-text-color\"><span style=\"color:#e86202\" class=\"tadv-color\">Chant<\/span><\/h3>\n\n\n\n<div style=\"height:5px\" aria-hidden=\"true\" class=\"wp-block-spacer\"><\/div>\n\n\n\n<hr class=\"wp-block-separator has-text-color has-accent-1-color has-alpha-channel-opacity has-accent-1-background-color has-background is-style-default\"\/>\n\n\n\n<div style=\"height:5px\" aria-hidden=\"true\" class=\"wp-block-spacer\"><\/div>\n\n\n\n<p>Le chant aura sa place \u00e9galement car chanter est un bel outils de lib\u00e9ration et c\u2019est une autre de mes passions que j\u2019aime transmettre dans mes classes.<\/p>\n<\/div><figure class=\"wp-block-media-text__media\"><img data-recalc-dims=\"1\" loading=\"lazy\" decoding=\"async\" width=\"450\" height=\"600\" src=\"https:\/\/i0.wp.com\/racinesdudesert.com\/stages-retraites-d%C3%A9sert\/wp-content\/uploads\/Cercle-dans-les-dunes-450x600-1.jpg?resize=450%2C600&#038;ssl=1\" alt=\"Atelier chant pendant la retraite Le Retour \u00e0 Soi\" class=\"wp-image-4214 size-full\" srcset=\"https:\/\/i0.wp.com\/racinesdudesert.com\/stages-retraites-d%C3%A9sert\/wp-content\/uploads\/Cercle-dans-les-dunes-450x600-1.jpg?w=450&amp;ssl=1 450w, https:\/\/i0.wp.com\/racinesdudesert.com\/stages-retraites-d%C3%A9sert\/wp-content\/uploads\/Cercle-dans-les-dunes-450x600-1.jpg?resize=300%2C400&amp;ssl=1 300w\" sizes=\"auto, (max-width: 450px) 100vw, 450px\" \/><\/figure><\/div>\n\n\n\n<div style=\"height:20px\" aria-hidden=\"true\" class=\"wp-block-spacer\"><\/div>\n\n\n\n<div class=\"wp-block-media-text alignwide is-stacked-on-mobile is-vertically-aligned-top\"><figure class=\"wp-block-media-text__media\"><img data-recalc-dims=\"1\" loading=\"lazy\" decoding=\"async\" width=\"450\" height=\"600\" src=\"https:\/\/i0.wp.com\/racinesdudesert.com\/stages-retraites-d%C3%A9sert\/wp-content\/uploads\/Silence-Nomade-et-dromadaire-450x600-1-rotated.jpg?resize=450%2C600&#038;ssl=1\" alt=\"Temps de silence pendant la retraite Le Retour \u00e0 Soi\" class=\"wp-image-4218 size-full\" srcset=\"https:\/\/i0.wp.com\/racinesdudesert.com\/stages-retraites-d%C3%A9sert\/wp-content\/uploads\/Silence-Nomade-et-dromadaire-450x600-1-rotated.jpg?w=450&amp;ssl=1 450w, https:\/\/i0.wp.com\/racinesdudesert.com\/stages-retraites-d%C3%A9sert\/wp-content\/uploads\/Silence-Nomade-et-dromadaire-450x600-1-rotated.jpg?resize=300%2C400&amp;ssl=1 300w\" sizes=\"auto, (max-width: 450px) 100vw, 450px\" \/><\/figure><div class=\"wp-block-media-text__content\">\n<h3 class=\"wp-block-heading has-text-align-center has-accent-1-color has-text-color\"><span style=\"color:#e86202\" class=\"tadv-color\">Temps de silence<\/span><\/h3>\n\n\n\n<div style=\"height:5px\" aria-hidden=\"true\" class=\"wp-block-spacer\"><\/div>\n\n\n\n<hr class=\"wp-block-separator has-text-color has-accent-1-color has-alpha-channel-opacity has-accent-1-background-color has-background is-style-default\"\/>\n\n\n\n<div style=\"height:5px\" aria-hidden=\"true\" class=\"wp-block-spacer\"><\/div>\n\n\n\n<p>Le dernier jour \u00e0 la Dune Hurlante sera l\u2019occasion de faire l\u2019exp\u00e9rience de rester plusieurs heures sans parler.<\/p>\n\n\n\n<p><\/p>\n<\/div><\/div>\n<\/div>\n<\/div>\n\n\n\n<div style=\"height:50px\" aria-hidden=\"true\" class=\"wp-block-spacer\"><\/div>\n\n\n\n<p><\/p>\n\n\n\n<hr class=\"wp-block-separator has-text-color has-accent-2-color has-alpha-channel-opacity has-accent-2-background-color has-background\"\/>\n\n\n\n<div style=\"height:50px\" aria-hidden=\"true\" class=\"wp-block-spacer\"><\/div>\n\n\n\n<h2 class=\"wp-block-heading has-text-align-left has-accent-2-color has-text-color\">Sophie vous accompagne pendant la retraite Le Retour \u00e0 Soi et animera toutes les pratiques<\/h2>\n\n\n\n<p>Retrouve <a href=\"https:\/\/www.instagram.com\/soyogasoul\/\" target=\"_blank\" rel=\"noreferrer noopener\">Sophie<\/a> sur les r\u00e9seaux sociaux ou sur <a href=\"https:\/\/www.soyogasoul.fr\/qui-suis-je\/\" target=\"_blank\" rel=\"noreferrer noopener\">Internet :<\/a><\/p>\n\n\n\n<ul class=\"wp-block-social-links is-layout-flex wp-block-social-links-is-layout-flex\"><li class=\"wp-social-link wp-social-link-instagram  wp-block-social-link\"><a rel=\"noopener nofollow\" target=\"_blank\" href=\"https:\/\/www.instagram.com\/soyogasoul\/\" class=\"wp-block-social-link-anchor\"><svg width=\"24\" height=\"24\" viewBox=\"0 0 24 24\" version=\"1.1\" xmlns=\"http:\/\/www.w3.org\/2000\/svg\" aria-hidden=\"true\" focusable=\"false\"><path d=\"M12,4.622c2.403,0,2.688,0.009,3.637,0.052c0.877,0.04,1.354,0.187,1.671,0.31c0.42,0.163,0.72,0.358,1.035,0.673 c0.315,0.315,0.51,0.615,0.673,1.035c0.123,0.317,0.27,0.794,0.31,1.671c0.043,0.949,0.052,1.234,0.052,3.637 s-0.009,2.688-0.052,3.637c-0.04,0.877-0.187,1.354-0.31,1.671c-0.163,0.42-0.358,0.72-0.673,1.035 c-0.315,0.315-0.615,0.51-1.035,0.673c-0.317,0.123-0.794,0.27-1.671,0.31c-0.949,0.043-1.233,0.052-3.637,0.052 s-2.688-0.009-3.637-0.052c-0.877-0.04-1.354-0.187-1.671-0.31c-0.42-0.163-0.72-0.358-1.035-0.673 c-0.315-0.315-0.51-0.615-0.673-1.035c-0.123-0.317-0.27-0.794-0.31-1.671C4.631,14.688,4.622,14.403,4.622,12 s0.009-2.688,0.052-3.637c0.04-0.877,0.187-1.354,0.31-1.671c0.163-0.42,0.358-0.72,0.673-1.035 c0.315-0.315,0.615-0.51,1.035-0.673c0.317-0.123,0.794-0.27,1.671-0.31C9.312,4.631,9.597,4.622,12,4.622 M12,3 C9.556,3,9.249,3.01,8.289,3.054C7.331,3.098,6.677,3.25,6.105,3.472C5.513,3.702,5.011,4.01,4.511,4.511 c-0.5,0.5-0.808,1.002-1.038,1.594C3.25,6.677,3.098,7.331,3.054,8.289C3.01,9.249,3,9.556,3,12c0,2.444,0.01,2.751,0.054,3.711 c0.044,0.958,0.196,1.612,0.418,2.185c0.23,0.592,0.538,1.094,1.038,1.594c0.5,0.5,1.002,0.808,1.594,1.038 c0.572,0.222,1.227,0.375,2.185,0.418C9.249,20.99,9.556,21,12,21s2.751-0.01,3.711-0.054c0.958-0.044,1.612-0.196,2.185-0.418 c0.592-0.23,1.094-0.538,1.594-1.038c0.5-0.5,0.808-1.002,1.038-1.594c0.222-0.572,0.375-1.227,0.418-2.185 C20.99,14.751,21,14.444,21,12s-0.01-2.751-0.054-3.711c-0.044-0.958-0.196-1.612-0.418-2.185c-0.23-0.592-0.538-1.094-1.038-1.594 c-0.5-0.5-1.002-0.808-1.594-1.038c-0.572-0.222-1.227-0.375-2.185-0.418C14.751,3.01,14.444,3,12,3L12,3z M12,7.378 c-2.552,0-4.622,2.069-4.622,4.622S9.448,16.622,12,16.622s4.622-2.069,4.622-4.622S14.552,7.378,12,7.378z M12,15 c-1.657,0-3-1.343-3-3s1.343-3,3-3s3,1.343,3,3S13.657,15,12,15z M16.804,6.116c-0.596,0-1.08,0.484-1.08,1.08 s0.484,1.08,1.08,1.08c0.596,0,1.08-0.484,1.08-1.08S17.401,6.116,16.804,6.116z\"><\/path><\/svg><span class=\"wp-block-social-link-label screen-reader-text\">Instagram<\/span><\/a><\/li>\n\n<li class=\"wp-social-link wp-social-link-chain  wp-block-social-link\"><a rel=\"noopener nofollow\" target=\"_blank\" href=\"https:\/\/www.soyogasoul.fr\/retraites\/\" class=\"wp-block-social-link-anchor\"><svg width=\"24\" height=\"24\" viewBox=\"0 0 24 24\" version=\"1.1\" xmlns=\"http:\/\/www.w3.org\/2000\/svg\" aria-hidden=\"true\" focusable=\"false\"><path d=\"M15.6,7.2H14v1.5h1.6c2,0,3.7,1.7,3.7,3.7s-1.7,3.7-3.7,3.7H14v1.5h1.6c2.8,0,5.2-2.3,5.2-5.2,0-2.9-2.3-5.2-5.2-5.2zM4.7,12.4c0-2,1.7-3.7,3.7-3.7H10V7.2H8.4c-2.9,0-5.2,2.3-5.2,5.2,0,2.9,2.3,5.2,5.2,5.2H10v-1.5H8.4c-2,0-3.7-1.7-3.7-3.7zm4.6.9h5.3v-1.5H9.3v1.5z\"><\/path><\/svg><span class=\"wp-block-social-link-label screen-reader-text\">Lien<\/span><\/a><\/li><\/ul>\n\n\n\n<div style=\"height:30px\" aria-hidden=\"true\" class=\"wp-block-spacer\"><\/div>\n\n\n\n<div class=\"wp-block-cover\"><img data-recalc-dims=\"1\" loading=\"lazy\" decoding=\"async\" width=\"600\" height=\"400\" class=\"wp-block-cover__image-background wp-image-5829 size-full\" alt=\"\" src=\"https:\/\/i0.wp.com\/racinesdudesert.com\/stages-retraites-d%C3%A9sert\/wp-content\/uploads\/Sophie-600x400jpg.jpg?resize=600%2C400&#038;ssl=1\" data-object-fit=\"cover\" srcset=\"https:\/\/i0.wp.com\/racinesdudesert.com\/stages-retraites-d%C3%A9sert\/wp-content\/uploads\/Sophie-600x400jpg.jpg?w=600&amp;ssl=1 600w, https:\/\/i0.wp.com\/racinesdudesert.com\/stages-retraites-d%C3%A9sert\/wp-content\/uploads\/Sophie-600x400jpg.jpg?resize=500%2C333&amp;ssl=1 500w\" sizes=\"auto, (max-width: 600px) 100vw, 600px\" \/><span aria-hidden=\"true\" class=\"wp-block-cover__background has-background-dim-30 has-background-dim\" style=\"background-color:#666b6f\"><\/span><div class=\"wp-block-cover__inner-container is-layout-flow wp-block-cover-is-layout-flow\">\n<p class=\"has-text-align-center has-large-font-size\"><a href=\"https:\/\/racinesdudesert.com\/stages-retraites-d%C3%A9sert\/sophie\/\" target=\"_blank\" rel=\"noreferrer noopener\">Faire connaissance avec Sophie<\/a><\/p>\n<\/div><\/div>\n\n\n\n<div style=\"height:50px\" aria-hidden=\"true\" class=\"wp-block-spacer\"><\/div>\n\n\n\n<div class=\"wp-block-columns alignwide is-layout-flex wp-container-core-columns-is-layout-28f84493 wp-block-columns-is-layout-flex\">\n<div class=\"wp-block-column is-vertically-aligned-center has-text-color has-background has-link-color wp-elements-ab50fb8454d376dc58a66041814014aa is-layout-flow wp-block-column-is-layout-flow\" style=\"color:#000000;background-color:#f3f3f3;padding-top:2em;padding-right:2em;padding-bottom:2em;padding-left:2em\">\n<h2 class=\"wp-block-heading has-text-align-center has-accent-2-color has-text-color\" id=\"family\" style=\"font-size:40px\">D\u00e9tails pratiques<\/h2>\n\n\n\n<div style=\"height:45px\" aria-hidden=\"true\" class=\"wp-block-spacer\"><\/div>\n\n\n\n<ul class=\"wp-block-list\">\n<li class=\"has-normal-font-size\">Parcours<\/li>\n\n\n\n<li class=\"has-normal-font-size\">H\u00e9bergement<\/li>\n\n\n\n<li class=\"has-normal-font-size\">Repas<\/li>\n\n\n\n<li class=\"has-normal-font-size\">Faire son sac&#8230;<\/li>\n<\/ul>\n\n\n\n<div style=\"height:55px\" aria-hidden=\"true\" class=\"wp-block-spacer\"><\/div>\n\n\n\n<p class=\"has-text-align-center\">Besoin de plus d&rsquo;infos?<\/p>\n\n\n\n<div style=\"height:85px\" aria-hidden=\"true\" class=\"wp-block-spacer\"><\/div>\n\n\n\n<div class=\"wp-block-buttons alignfull is-horizontal is-content-justification-center is-layout-flex wp-container-core-buttons-is-layout-d072e305 wp-block-buttons-is-layout-flex\">\n<div class=\"wp-block-button has-custom-width wp-block-button__width-100 is-style-fill\"><a class=\"wp-block-button__link has-white-color has-accent-1-background-color has-text-color has-background wp-element-button\" href=\"https:\/\/racinesdudesert.com\/stages-retraites-d%C3%A9sert\/details-pratiques\/\" target=\"_blank\" rel=\"noreferrer noopener\">d\u00e9tails pratiques<\/a><\/div>\n<\/div>\n<\/div>\n\n\n\n<div class=\"wp-block-column is-vertically-aligned-center has-text-color has-background has-link-color wp-elements-a13525625ff9e127bf81b11f113807bd is-layout-flow wp-block-column-is-layout-flow\" style=\"color:#000000;background-color:#f3f3f3;padding-top:2em;padding-right:2em;padding-bottom:2em;padding-left:2em\">\n<h2 class=\"wp-block-heading has-text-align-center has-accent-2-color has-text-color\" id=\"single\" style=\"font-size:40px\">Tarif<\/h2>\n\n\n\n<p class=\"has-text-align-center has-large-font-size\"><strong>850\u20ac<\/strong><\/p>\n\n\n\n<p class=\"has-text-align-center has-large-font-size\">8 jours &#8211; 7 nuits<\/p>\n\n\n\n<hr class=\"wp-block-separator has-text-color has-css-opacity has-background is-style-wide\" style=\"background-color:#000000;color:#000000\"\/>\n\n\n\n<ul class=\"wp-block-list has-normal-font-size\">\n<li>Accueil \u00e0 l&rsquo;a\u00e9roport<\/li>\n\n\n\n<li>2 nuits en riad \u00e0 Marrakech<\/li>\n\n\n\n<li>2 nuits au bivouac fixe<\/li>\n\n\n\n<li>3 nuits sous tente en bivouac nomade<\/li>\n\n\n\n<li>7 \u00e0 14 participants<\/li>\n<\/ul>\n\n\n\n<div style=\"height:35px\" aria-hidden=\"true\" class=\"wp-block-spacer\"><\/div>\n\n\n\n<div class=\"wp-block-buttons alignfull is-horizontal is-content-justification-center is-layout-flex wp-container-core-buttons-is-layout-d072e305 wp-block-buttons-is-layout-flex\">\n<div class=\"wp-block-button has-custom-width wp-block-button__width-100\"><a class=\"wp-block-button__link has-white-color has-accent-1-background-color has-text-color has-background wp-element-button\" href=\"https:\/\/racinesdudesert.com\/stages-retraites-d%C3%A9sert\/tarifs-stages-et-retraites\/\" target=\"_blank\" rel=\"noreferrer noopener\">d\u00e9tails du tarif<\/a><\/div>\n<\/div>\n<\/div>\n\n\n\n<div class=\"wp-block-column is-vertically-aligned-center has-text-color has-background has-link-color wp-elements-2ce9486b2446360ea3f4c5200de50a81 is-layout-flow wp-block-column-is-layout-flow\" style=\"color:#000000;background-color:#f3f3f3;padding-top:2em;padding-right:2em;padding-bottom:2em;padding-left:2em\">\n<h2 class=\"wp-block-heading has-text-align-center has-accent-2-color has-text-color\" id=\"patron\" style=\"font-size:40px\">Je m&rsquo;inscris<\/h2>\n\n\n\n<figure class=\"wp-block-image size-full\"><img data-recalc-dims=\"1\" loading=\"lazy\" decoding=\"async\" width=\"480\" height=\"360\" src=\"https:\/\/i0.wp.com\/racinesdudesert.com\/stages-retraites-d%C3%A9sert\/wp-content\/uploads\/Marcher-sur-la-crete-480x360-1.jpg?resize=480%2C360&#038;ssl=1\" alt=\"\" class=\"wp-image-583\" srcset=\"https:\/\/i0.wp.com\/racinesdudesert.com\/stages-retraites-d%C3%A9sert\/wp-content\/uploads\/Marcher-sur-la-crete-480x360-1.jpg?w=480&amp;ssl=1 480w, https:\/\/i0.wp.com\/racinesdudesert.com\/stages-retraites-d%C3%A9sert\/wp-content\/uploads\/Marcher-sur-la-crete-480x360-1.jpg?resize=300%2C225&amp;ssl=1 300w\" sizes=\"auto, (max-width: 480px) 100vw, 480px\" \/><\/figure>\n\n\n\n<div style=\"height:25px\" aria-hidden=\"true\" class=\"wp-block-spacer\"><\/div>\n\n\n\n<p>Lancez-vous dans l&rsquo;aventure et r\u00e9servez votre place d\u00e8s maintenant!<\/p>\n\n\n\n<div style=\"height:25px\" aria-hidden=\"true\" class=\"wp-block-spacer\"><\/div>\n\n\n\n<div class=\"wp-block-buttons alignfull is-horizontal is-content-justification-center is-layout-flex wp-container-core-buttons-is-layout-d072e305 wp-block-buttons-is-layout-flex\">\n<div class=\"wp-block-button has-custom-width wp-block-button__width-100\"><a class=\"wp-block-button__link has-white-color has-accent-1-background-color has-text-color has-background wp-element-button\" href=\"https:\/\/racinesdudesert.com\/inscription-retraite-le-retour-a-soi\/\" target=\"_blank\" rel=\"noreferrer noopener\">Je m&rsquo;inscris<\/a><\/div>\n<\/div>\n<\/div>\n<\/div>\n\n\n\n<p><\/p>\n\n\n\n<p><\/p>\n","protected":false},"excerpt":{"rendered":"<p>21 au 28 mars 2026<\/p>\n<p>Prendre le temps de vivre dans le d\u00e9sert, le temps de ressentir, d\u2019\u00e9couter, de respirer ensemble sans jugement, sans enjeu, sans prouesse physique. Juste s\u2019autoriser un temps d\u2019arr\u00eat dans nos vies au milieu du silence du D\u00e9sert.<\/p>\n<p>avec Sophie<\/p>\n<p>Tarif : 850\u20ac<\/p>\n","protected":false},"author":1,"featured_media":5824,"comment_status":"closed","ping_status":"closed","sticky":false,"template":"","format":"standard","meta":{"site-sidebar-layout":"default","site-content-layout":"","ast-site-content-layout":"default","site-content-style":"default","site-sidebar-style":"default","ast-global-header-display":"","ast-banner-title-visibility":"","ast-main-header-display":"","ast-hfb-above-header-display":"","ast-hfb-below-header-display":"","ast-hfb-mobile-header-display":"","site-post-title":"","ast-breadcrumbs-content":"","ast-featured-img":"","footer-sml-layout":"","ast-disable-related-posts":"","theme-transparent-header-meta":"","adv-header-id-meta":"","stick-header-meta":"","header-above-stick-meta":"","header-main-stick-meta":"","header-below-stick-meta":"","astra-migrate-meta-layouts":"default","ast-page-background-enabled":"default","ast-page-background-meta":{"desktop":{"background-color":"var(--ast-global-color-5)","background-image":"","background-repeat":"repeat","background-position":"center center","background-size":"auto","background-attachment":"scroll","background-type":"","background-media":"","overlay-type":"","overlay-color":"","overlay-opacity":"","overlay-gradient":""},"tablet":{"background-color":"","background-image":"","background-repeat":"repeat","background-position":"center center","background-size":"auto","background-attachment":"scroll","background-type":"","background-media":"","overlay-type":"","overlay-color":"","overlay-opacity":"","overlay-gradient":""},"mobile":{"background-color":"","background-image":"","background-repeat":"repeat","background-position":"center center","background-size":"auto","background-attachment":"scroll","background-type":"","background-media":"","overlay-type":"","overlay-color":"","overlay-opacity":"","overlay-gradient":""}},"ast-content-background-meta":{"desktop":{"background-color":"var(--ast-global-color-4)","background-image":"","background-repeat":"repeat","background-position":"center center","background-size":"auto","background-attachment":"scroll","background-type":"","background-media":"","overlay-type":"","overlay-color":"","overlay-opacity":"","overlay-gradient":""},"tablet":{"background-color":"var(--ast-global-color-4)","background-image":"","background-repeat":"repeat","background-position":"center center","background-size":"auto","background-attachment":"scroll","background-type":"","background-media":"","overlay-type":"","overlay-color":"","overlay-opacity":"","overlay-gradient":""},"mobile":{"background-color":"var(--ast-global-color-4)","background-image":"","background-repeat":"repeat","background-position":"center center","background-size":"auto","background-attachment":"scroll","background-type":"","background-media":"","overlay-type":"","overlay-color":"","overlay-opacity":"","overlay-gradient":""}},"_jetpack_memberships_contains_paid_content":false,"footnotes":""},"categories":[3,49,57],"tags":[42,10,11,37,4],"class_list":["post-4203","post","type-post","status-publish","format-standard","has-post-thumbnail","hentry","category-stages-et-retraites-dans-le-desert","category-stages-2024-2025-stages-et-retraites-dans-le-desert","category-printemps-2026","tag-chant","tag-entre-femmes","tag-meditation","tag-pratiques-energetiques","tag-yoga"],"yoast_head":"<!-- This site is optimized with the Yoast SEO plugin v27.4 - https:\/\/yoast.com\/product\/yoast-seo-wordpress\/ -->\n<title>Le Retour \u00e0 Soi - \u00e9dition 2 - Racines du D\u00e9sert<\/title>\n<meta name=\"description\" content=\"Prendre le temps de ressentir, d\u2019\u00e9couter, de respirer, sans enjeu, sans prouesse physique pour un retour \u00e0 soi dans le silence du d\u00e9sert.\" \/>\n<meta name=\"robots\" content=\"index, follow, max-snippet:-1, max-image-preview:large, max-video-preview:-1\" \/>\n<link rel=\"canonical\" href=\"https:\/\/racinesdudesert.com\/stages-retraites-d\u00e9sert\/le-retour-a-soi\/\" \/>\n<meta property=\"og:locale\" content=\"fr_FR\" \/>\n<meta property=\"og:type\" content=\"article\" \/>\n<meta property=\"og:title\" content=\"Le Retour \u00e0 Soi\" \/>\n<meta property=\"og:description\" content=\"Prendre le temps de ressentir, d\u2019\u00e9couter, de respirer, sans enjeu, sans prouesse physique pour un retour \u00e0 soi dans le silence du d\u00e9sert.\" \/>\n<meta property=\"og:url\" content=\"https:\/\/racinesdudesert.com\/stages-retraites-d\u00e9sert\/le-retour-a-soi\/\" \/>\n<meta property=\"article:publisher\" content=\"https:\/\/www.facebook.com\/people\/Racines-du-Dsert\/100064091077976\/\" \/>\n<meta property=\"article:published_time\" content=\"2024-08-23T14:47:46+00:00\" \/>\n<meta property=\"article:modified_time\" content=\"2026-04-24T15:13:38+00:00\" \/>\n<meta property=\"og:image\" content=\"https:\/\/racinesdudesert.com\/stages-retraites-d%C3%A9sert\/wp-content\/uploads\/Yoga-en-bivouac-nomade-600x400-1.jpeg\" \/>\n\t<meta property=\"og:image:width\" content=\"600\" \/>\n\t<meta property=\"og:image:height\" content=\"400\" \/>\n\t<meta property=\"og:image:type\" content=\"image\/jpeg\" \/>\n<meta name=\"author\" content=\"racinesdudesert@gmail.com\" \/>\n<meta name=\"twitter:card\" content=\"summary_large_image\" \/>\n<meta name=\"twitter:title\" content=\"Le Retour \u00e0 Soi\" \/>\n<meta name=\"twitter:description\" content=\"Prendre le temps de ressentir, d\u2019\u00e9couter, de respirer, sans enjeu, sans prouesse physique pour un retour \u00e0 soi dans le silence du d\u00e9sert.\" \/>\n<meta name=\"twitter:image\" content=\"https:\/\/i0.wp.com\/racinesdudesert.com\/stages-retraites-d%C3%A9sert\/wp-content\/uploads\/Yoga-en-bivouac-nomade-600x400-1.jpeg?fit=600%2C400&ssl=1\" \/>\n<meta name=\"twitter:label1\" content=\"\u00c9crit par\" \/>\n\t<meta name=\"twitter:data1\" content=\"racinesdudesert@gmail.com\" \/>\n\t<meta name=\"twitter:label2\" content=\"Dur\u00e9e de lecture estim\u00e9e\" \/>\n\t<meta name=\"twitter:data2\" content=\"6 minutes\" \/>\n<script type=\"application\/ld+json\" class=\"yoast-schema-graph\">{\"@context\":\"https:\\\/\\\/schema.org\",\"@graph\":[{\"@type\":\"Article\",\"@id\":\"https:\\\/\\\/racinesdudesert.com\\\/stages-retraites-d%C3%A9sert\\\/le-retour-a-soi\\\/#article\",\"isPartOf\":{\"@id\":\"https:\\\/\\\/racinesdudesert.com\\\/stages-retraites-d%C3%A9sert\\\/le-retour-a-soi\\\/\"},\"author\":{\"name\":\"racinesdudesert@gmail.com\",\"@id\":\"https:\\\/\\\/racinesdudesert.com\\\/stages-retraites-d%C3%A9sert\\\/#\\\/schema\\\/person\\\/b7b3e1aed06c55fe19975d819116e852\"},\"headline\":\"Le Retour \u00e0 Soi &#8211; \u00e9dition 2\",\"datePublished\":\"2024-08-23T14:47:46+00:00\",\"dateModified\":\"2026-04-24T15:13:38+00:00\",\"mainEntityOfPage\":{\"@id\":\"https:\\\/\\\/racinesdudesert.com\\\/stages-retraites-d%C3%A9sert\\\/le-retour-a-soi\\\/\"},\"wordCount\":802,\"publisher\":{\"@id\":\"https:\\\/\\\/racinesdudesert.com\\\/stages-retraites-d%C3%A9sert\\\/#organization\"},\"image\":{\"@id\":\"https:\\\/\\\/racinesdudesert.com\\\/stages-retraites-d%C3%A9sert\\\/le-retour-a-soi\\\/#primaryimage\"},\"thumbnailUrl\":\"https:\\\/\\\/i0.wp.com\\\/racinesdudesert.com\\\/stages-retraites-d%C3%A9sert\\\/wp-content\\\/uploads\\\/Yoga-en-bivouac-nomade-600x400-1.jpeg?fit=600%2C400&ssl=1\",\"keywords\":[\"chant\",\"entre femmes\",\"m\u00e9ditation\",\"pratiques \u00e9nerg\u00e9tiques\",\"yoga\"],\"articleSection\":[\"Stages et retraites\",\"Stages 2025 - 2026\",\"Printemps 2026\"],\"inLanguage\":\"fr-FR\"},{\"@type\":\"WebPage\",\"@id\":\"https:\\\/\\\/racinesdudesert.com\\\/stages-retraites-d%C3%A9sert\\\/le-retour-a-soi\\\/\",\"url\":\"https:\\\/\\\/racinesdudesert.com\\\/stages-retraites-d%C3%A9sert\\\/le-retour-a-soi\\\/\",\"name\":\"Le Retour \u00e0 Soi - \u00e9dition 2 - Racines du D\u00e9sert\",\"isPartOf\":{\"@id\":\"https:\\\/\\\/racinesdudesert.com\\\/stages-retraites-d%C3%A9sert\\\/#website\"},\"primaryImageOfPage\":{\"@id\":\"https:\\\/\\\/racinesdudesert.com\\\/stages-retraites-d%C3%A9sert\\\/le-retour-a-soi\\\/#primaryimage\"},\"image\":{\"@id\":\"https:\\\/\\\/racinesdudesert.com\\\/stages-retraites-d%C3%A9sert\\\/le-retour-a-soi\\\/#primaryimage\"},\"thumbnailUrl\":\"https:\\\/\\\/i0.wp.com\\\/racinesdudesert.com\\\/stages-retraites-d%C3%A9sert\\\/wp-content\\\/uploads\\\/Yoga-en-bivouac-nomade-600x400-1.jpeg?fit=600%2C400&ssl=1\",\"datePublished\":\"2024-08-23T14:47:46+00:00\",\"dateModified\":\"2026-04-24T15:13:38+00:00\",\"description\":\"Prendre le temps de ressentir, d\u2019\u00e9couter, de respirer, sans enjeu, sans prouesse physique pour un retour \u00e0 soi dans le silence du d\u00e9sert.\",\"breadcrumb\":{\"@id\":\"https:\\\/\\\/racinesdudesert.com\\\/stages-retraites-d%C3%A9sert\\\/le-retour-a-soi\\\/#breadcrumb\"},\"inLanguage\":\"fr-FR\",\"potentialAction\":[{\"@type\":\"ReadAction\",\"target\":[\"https:\\\/\\\/racinesdudesert.com\\\/stages-retraites-d%C3%A9sert\\\/le-retour-a-soi\\\/\"]}]},{\"@type\":\"ImageObject\",\"inLanguage\":\"fr-FR\",\"@id\":\"https:\\\/\\\/racinesdudesert.com\\\/stages-retraites-d%C3%A9sert\\\/le-retour-a-soi\\\/#primaryimage\",\"url\":\"https:\\\/\\\/i0.wp.com\\\/racinesdudesert.com\\\/stages-retraites-d%C3%A9sert\\\/wp-content\\\/uploads\\\/Yoga-en-bivouac-nomade-600x400-1.jpeg?fit=600%2C400&ssl=1\",\"contentUrl\":\"https:\\\/\\\/i0.wp.com\\\/racinesdudesert.com\\\/stages-retraites-d%C3%A9sert\\\/wp-content\\\/uploads\\\/Yoga-en-bivouac-nomade-600x400-1.jpeg?fit=600%2C400&ssl=1\",\"width\":600,\"height\":400},{\"@type\":\"BreadcrumbList\",\"@id\":\"https:\\\/\\\/racinesdudesert.com\\\/stages-retraites-d%C3%A9sert\\\/le-retour-a-soi\\\/#breadcrumb\",\"itemListElement\":[{\"@type\":\"ListItem\",\"position\":1,\"name\":\"Accueil\",\"item\":\"https:\\\/\\\/racinesdudesert.com\\\/stages-retraites-d%C3%A9sert\\\/\"},{\"@type\":\"ListItem\",\"position\":2,\"name\":\"Le Retour \u00e0 Soi &#8211; \u00e9dition 2\"}]},{\"@type\":\"WebSite\",\"@id\":\"https:\\\/\\\/racinesdudesert.com\\\/stages-retraites-d%C3%A9sert\\\/#website\",\"url\":\"https:\\\/\\\/racinesdudesert.com\\\/stages-retraites-d%C3%A9sert\\\/\",\"name\":\"\",\"description\":\"Organisation de retraites dans le d\u00e9sert\",\"publisher\":{\"@id\":\"https:\\\/\\\/racinesdudesert.com\\\/stages-retraites-d%C3%A9sert\\\/#organization\"},\"potentialAction\":[{\"@type\":\"SearchAction\",\"target\":{\"@type\":\"EntryPoint\",\"urlTemplate\":\"https:\\\/\\\/racinesdudesert.com\\\/stages-retraites-d%C3%A9sert\\\/?s={search_term_string}\"},\"query-input\":{\"@type\":\"PropertyValueSpecification\",\"valueRequired\":true,\"valueName\":\"search_term_string\"}}],\"inLanguage\":\"fr-FR\"},{\"@type\":\"Organization\",\"@id\":\"https:\\\/\\\/racinesdudesert.com\\\/stages-retraites-d%C3%A9sert\\\/#organization\",\"name\":\"Racines du D\u00e9sert\",\"alternateName\":\"Les Racines du D\u00e9sert\",\"url\":\"https:\\\/\\\/racinesdudesert.com\\\/stages-retraites-d%C3%A9sert\\\/\",\"logo\":{\"@type\":\"ImageObject\",\"inLanguage\":\"fr-FR\",\"@id\":\"https:\\\/\\\/racinesdudesert.com\\\/stages-retraites-d%C3%A9sert\\\/#\\\/schema\\\/logo\\\/image\\\/\",\"url\":\"https:\\\/\\\/i0.wp.com\\\/racinesdudesert.com\\\/stages-retraites-d%C3%A9sert\\\/wp-content\\\/uploads\\\/cropped-a-imprimer.png?fit=793%2C353&ssl=1\",\"contentUrl\":\"https:\\\/\\\/i0.wp.com\\\/racinesdudesert.com\\\/stages-retraites-d%C3%A9sert\\\/wp-content\\\/uploads\\\/cropped-a-imprimer.png?fit=793%2C353&ssl=1\",\"width\":793,\"height\":353,\"caption\":\"Racines du D\u00e9sert\"},\"image\":{\"@id\":\"https:\\\/\\\/racinesdudesert.com\\\/stages-retraites-d%C3%A9sert\\\/#\\\/schema\\\/logo\\\/image\\\/\"},\"sameAs\":[\"https:\\\/\\\/www.facebook.com\\\/people\\\/Racines-du-Dsert\\\/100064091077976\\\/\",\"https:\\\/\\\/www.instagram.com\\\/racines_du_desert\\\/\"]},{\"@type\":\"Person\",\"@id\":\"https:\\\/\\\/racinesdudesert.com\\\/stages-retraites-d%C3%A9sert\\\/#\\\/schema\\\/person\\\/b7b3e1aed06c55fe19975d819116e852\",\"name\":\"racinesdudesert@gmail.com\",\"image\":{\"@type\":\"ImageObject\",\"inLanguage\":\"fr-FR\",\"@id\":\"https:\\\/\\\/secure.gravatar.com\\\/avatar\\\/575fd2bc1c02ea3d33fd07d8cf0409592824cab3fc8c40bb4728314dd4039a2a?s=96&d=mm&r=g\",\"url\":\"https:\\\/\\\/secure.gravatar.com\\\/avatar\\\/575fd2bc1c02ea3d33fd07d8cf0409592824cab3fc8c40bb4728314dd4039a2a?s=96&d=mm&r=g\",\"contentUrl\":\"https:\\\/\\\/secure.gravatar.com\\\/avatar\\\/575fd2bc1c02ea3d33fd07d8cf0409592824cab3fc8c40bb4728314dd4039a2a?s=96&d=mm&r=g\",\"caption\":\"racinesdudesert@gmail.com\"},\"sameAs\":[\"https:\\\/\\\/racinesdudesert.com\\\/stages-retraites-d%C3%A9sert\"],\"url\":\"https:\\\/\\\/racinesdudesert.com\\\/stages-retraites-d%C3%A9sert\\\/author\\\/racinesdudesertgmail-com\\\/\"}]}<\/script>\n<!-- \/ Yoast SEO plugin. -->","yoast_head_json":{"title":"Le Retour \u00e0 Soi - \u00e9dition 2 - Racines du D\u00e9sert","description":"Prendre le temps de ressentir, d\u2019\u00e9couter, de respirer, sans enjeu, sans prouesse physique pour un retour \u00e0 soi dans le silence du d\u00e9sert.","robots":{"index":"index","follow":"follow","max-snippet":"max-snippet:-1","max-image-preview":"max-image-preview:large","max-video-preview":"max-video-preview:-1"},"canonical":"https:\/\/racinesdudesert.com\/stages-retraites-d\u00e9sert\/le-retour-a-soi\/","og_locale":"fr_FR","og_type":"article","og_title":"Le Retour \u00e0 Soi","og_description":"Prendre le temps de ressentir, d\u2019\u00e9couter, de respirer, sans enjeu, sans prouesse physique pour un retour \u00e0 soi dans le silence du d\u00e9sert.","og_url":"https:\/\/racinesdudesert.com\/stages-retraites-d\u00e9sert\/le-retour-a-soi\/","article_publisher":"https:\/\/www.facebook.com\/people\/Racines-du-Dsert\/100064091077976\/","article_published_time":"2024-08-23T14:47:46+00:00","article_modified_time":"2026-04-24T15:13:38+00:00","og_image":[{"width":600,"height":400,"url":"https:\/\/racinesdudesert.com\/stages-retraites-d%C3%A9sert\/wp-content\/uploads\/Yoga-en-bivouac-nomade-600x400-1.jpeg","type":"image\/jpeg"}],"author":"racinesdudesert@gmail.com","twitter_card":"summary_large_image","twitter_title":"Le Retour \u00e0 Soi","twitter_description":"Prendre le temps de ressentir, d\u2019\u00e9couter, de respirer, sans enjeu, sans prouesse physique pour un retour \u00e0 soi dans le silence du d\u00e9sert.","twitter_image":"https:\/\/i0.wp.com\/racinesdudesert.com\/stages-retraites-d%C3%A9sert\/wp-content\/uploads\/Yoga-en-bivouac-nomade-600x400-1.jpeg?fit=600%2C400&ssl=1","twitter_misc":{"\u00c9crit par":"racinesdudesert@gmail.com","Dur\u00e9e de lecture estim\u00e9e":"6 minutes"},"schema":{"@context":"https:\/\/schema.org","@graph":[{"@type":"Article","@id":"https:\/\/racinesdudesert.com\/stages-retraites-d%C3%A9sert\/le-retour-a-soi\/#article","isPartOf":{"@id":"https:\/\/racinesdudesert.com\/stages-retraites-d%C3%A9sert\/le-retour-a-soi\/"},"author":{"name":"racinesdudesert@gmail.com","@id":"https:\/\/racinesdudesert.com\/stages-retraites-d%C3%A9sert\/#\/schema\/person\/b7b3e1aed06c55fe19975d819116e852"},"headline":"Le Retour \u00e0 Soi &#8211; \u00e9dition 2","datePublished":"2024-08-23T14:47:46+00:00","dateModified":"2026-04-24T15:13:38+00:00","mainEntityOfPage":{"@id":"https:\/\/racinesdudesert.com\/stages-retraites-d%C3%A9sert\/le-retour-a-soi\/"},"wordCount":802,"publisher":{"@id":"https:\/\/racinesdudesert.com\/stages-retraites-d%C3%A9sert\/#organization"},"image":{"@id":"https:\/\/racinesdudesert.com\/stages-retraites-d%C3%A9sert\/le-retour-a-soi\/#primaryimage"},"thumbnailUrl":"https:\/\/i0.wp.com\/racinesdudesert.com\/stages-retraites-d%C3%A9sert\/wp-content\/uploads\/Yoga-en-bivouac-nomade-600x400-1.jpeg?fit=600%2C400&ssl=1","keywords":["chant","entre femmes","m\u00e9ditation","pratiques \u00e9nerg\u00e9tiques","yoga"],"articleSection":["Stages et retraites","Stages 2025 - 2026","Printemps 2026"],"inLanguage":"fr-FR"},{"@type":"WebPage","@id":"https:\/\/racinesdudesert.com\/stages-retraites-d%C3%A9sert\/le-retour-a-soi\/","url":"https:\/\/racinesdudesert.com\/stages-retraites-d%C3%A9sert\/le-retour-a-soi\/","name":"Le Retour \u00e0 Soi - \u00e9dition 2 - Racines du D\u00e9sert","isPartOf":{"@id":"https:\/\/racinesdudesert.com\/stages-retraites-d%C3%A9sert\/#website"},"primaryImageOfPage":{"@id":"https:\/\/racinesdudesert.com\/stages-retraites-d%C3%A9sert\/le-retour-a-soi\/#primaryimage"},"image":{"@id":"https:\/\/racinesdudesert.com\/stages-retraites-d%C3%A9sert\/le-retour-a-soi\/#primaryimage"},"thumbnailUrl":"https:\/\/i0.wp.com\/racinesdudesert.com\/stages-retraites-d%C3%A9sert\/wp-content\/uploads\/Yoga-en-bivouac-nomade-600x400-1.jpeg?fit=600%2C400&ssl=1","datePublished":"2024-08-23T14:47:46+00:00","dateModified":"2026-04-24T15:13:38+00:00","description":"Prendre le temps de ressentir, d\u2019\u00e9couter, de respirer, sans enjeu, sans prouesse physique pour un retour \u00e0 soi dans le silence du d\u00e9sert.","breadcrumb":{"@id":"https:\/\/racinesdudesert.com\/stages-retraites-d%C3%A9sert\/le-retour-a-soi\/#breadcrumb"},"inLanguage":"fr-FR","potentialAction":[{"@type":"ReadAction","target":["https:\/\/racinesdudesert.com\/stages-retraites-d%C3%A9sert\/le-retour-a-soi\/"]}]},{"@type":"ImageObject","inLanguage":"fr-FR","@id":"https:\/\/racinesdudesert.com\/stages-retraites-d%C3%A9sert\/le-retour-a-soi\/#primaryimage","url":"https:\/\/i0.wp.com\/racinesdudesert.com\/stages-retraites-d%C3%A9sert\/wp-content\/uploads\/Yoga-en-bivouac-nomade-600x400-1.jpeg?fit=600%2C400&ssl=1","contentUrl":"https:\/\/i0.wp.com\/racinesdudesert.com\/stages-retraites-d%C3%A9sert\/wp-content\/uploads\/Yoga-en-bivouac-nomade-600x400-1.jpeg?fit=600%2C400&ssl=1","width":600,"height":400},{"@type":"BreadcrumbList","@id":"https:\/\/racinesdudesert.com\/stages-retraites-d%C3%A9sert\/le-retour-a-soi\/#breadcrumb","itemListElement":[{"@type":"ListItem","position":1,"name":"Accueil","item":"https:\/\/racinesdudesert.com\/stages-retraites-d%C3%A9sert\/"},{"@type":"ListItem","position":2,"name":"Le Retour \u00e0 Soi &#8211; \u00e9dition 2"}]},{"@type":"WebSite","@id":"https:\/\/racinesdudesert.com\/stages-retraites-d%C3%A9sert\/#website","url":"https:\/\/racinesdudesert.com\/stages-retraites-d%C3%A9sert\/","name":"","description":"Organisation de retraites dans le d\u00e9sert","publisher":{"@id":"https:\/\/racinesdudesert.com\/stages-retraites-d%C3%A9sert\/#organization"},"potentialAction":[{"@type":"SearchAction","target":{"@type":"EntryPoint","urlTemplate":"https:\/\/racinesdudesert.com\/stages-retraites-d%C3%A9sert\/?s={search_term_string}"},"query-input":{"@type":"PropertyValueSpecification","valueRequired":true,"valueName":"search_term_string"}}],"inLanguage":"fr-FR"},{"@type":"Organization","@id":"https:\/\/racinesdudesert.com\/stages-retraites-d%C3%A9sert\/#organization","name":"Racines du D\u00e9sert","alternateName":"Les Racines du D\u00e9sert","url":"https:\/\/racinesdudesert.com\/stages-retraites-d%C3%A9sert\/","logo":{"@type":"ImageObject","inLanguage":"fr-FR","@id":"https:\/\/racinesdudesert.com\/stages-retraites-d%C3%A9sert\/#\/schema\/logo\/image\/","url":"https:\/\/i0.wp.com\/racinesdudesert.com\/stages-retraites-d%C3%A9sert\/wp-content\/uploads\/cropped-a-imprimer.png?fit=793%2C353&ssl=1","contentUrl":"https:\/\/i0.wp.com\/racinesdudesert.com\/stages-retraites-d%C3%A9sert\/wp-content\/uploads\/cropped-a-imprimer.png?fit=793%2C353&ssl=1","width":793,"height":353,"caption":"Racines du D\u00e9sert"},"image":{"@id":"https:\/\/racinesdudesert.com\/stages-retraites-d%C3%A9sert\/#\/schema\/logo\/image\/"},"sameAs":["https:\/\/www.facebook.com\/people\/Racines-du-Dsert\/100064091077976\/","https:\/\/www.instagram.com\/racines_du_desert\/"]},{"@type":"Person","@id":"https:\/\/racinesdudesert.com\/stages-retraites-d%C3%A9sert\/#\/schema\/person\/b7b3e1aed06c55fe19975d819116e852","name":"racinesdudesert@gmail.com","image":{"@type":"ImageObject","inLanguage":"fr-FR","@id":"https:\/\/secure.gravatar.com\/avatar\/575fd2bc1c02ea3d33fd07d8cf0409592824cab3fc8c40bb4728314dd4039a2a?s=96&d=mm&r=g","url":"https:\/\/secure.gravatar.com\/avatar\/575fd2bc1c02ea3d33fd07d8cf0409592824cab3fc8c40bb4728314dd4039a2a?s=96&d=mm&r=g","contentUrl":"https:\/\/secure.gravatar.com\/avatar\/575fd2bc1c02ea3d33fd07d8cf0409592824cab3fc8c40bb4728314dd4039a2a?s=96&d=mm&r=g","caption":"racinesdudesert@gmail.com"},"sameAs":["https:\/\/racinesdudesert.com\/stages-retraites-d%C3%A9sert"],"url":"https:\/\/racinesdudesert.com\/stages-retraites-d%C3%A9sert\/author\/racinesdudesertgmail-com\/"}]}},"jetpack_featured_media_url":"https:\/\/i0.wp.com\/racinesdudesert.com\/stages-retraites-d%C3%A9sert\/wp-content\/uploads\/Yoga-en-bivouac-nomade-600x400-1.jpeg?fit=600%2C400&ssl=1","jetpack_sharing_enabled":true,"_links":{"self":[{"href":"https:\/\/racinesdudesert.com\/stages-retraites-d%C3%A9sert\/wp-json\/wp\/v2\/posts\/4203","targetHints":{"allow":["GET"]}}],"collection":[{"href":"https:\/\/racinesdudesert.com\/stages-retraites-d%C3%A9sert\/wp-json\/wp\/v2\/posts"}],"about":[{"href":"https:\/\/racinesdudesert.com\/stages-retraites-d%C3%A9sert\/wp-json\/wp\/v2\/types\/post"}],"author":[{"embeddable":true,"href":"https:\/\/racinesdudesert.com\/stages-retraites-d%C3%A9sert\/wp-json\/wp\/v2\/users\/1"}],"replies":[{"embeddable":true,"href":"https:\/\/racinesdudesert.com\/stages-retraites-d%C3%A9sert\/wp-json\/wp\/v2\/comments?post=4203"}],"version-history":[{"count":47,"href":"https:\/\/racinesdudesert.com\/stages-retraites-d%C3%A9sert\/wp-json\/wp\/v2\/posts\/4203\/revisions"}],"predecessor-version":[{"id":6840,"href":"https:\/\/racinesdudesert.com\/stages-retraites-d%C3%A9sert\/wp-json\/wp\/v2\/posts\/4203\/revisions\/6840"}],"wp:featuredmedia":[{"embeddable":true,"href":"https:\/\/racinesdudesert.com\/stages-retraites-d%C3%A9sert\/wp-json\/wp\/v2\/media\/5824"}],"wp:attachment":[{"href":"https:\/\/racinesdudesert.com\/stages-retraites-d%C3%A9sert\/wp-json\/wp\/v2\/media?parent=4203"}],"wp:term":[{"taxonomy":"category","embeddable":true,"href":"https:\/\/racinesdudesert.com\/stages-retraites-d%C3%A9sert\/wp-json\/wp\/v2\/categories?post=4203"},{"taxonomy":"post_tag","embeddable":true,"href":"https:\/\/racinesdudesert.com\/stages-retraites-d%C3%A9sert\/wp-json\/wp\/v2\/tags?post=4203"}],"curies":[{"name":"wp","href":"https:\/\/api.w.org\/{rel}","templated":true}]}}