{"id":4735,"date":"2025-01-13T16:42:45","date_gmt":"2025-01-13T15:42:45","guid":{"rendered":"https:\/\/racinesdudesert.com\/stages-retraites-d%C3%A9sert\/?p=4735"},"modified":"2025-01-13T16:55:50","modified_gmt":"2025-01-13T15:55:50","slug":"nathalie","status":"publish","type":"post","link":"https:\/\/racinesdudesert.com\/stages-retraites-d%C3%A9sert\/nathalie\/","title":{"rendered":"Nathalie"},"content":{"rendered":"\n<h2 class=\"wp-block-heading has-text-align-center\"><span class=\"tadv-color\" style=\"color:#3492dc\">Le mot de Nathalie<\/span><\/h2>\n\n\n\n<div class=\"wp-block-group is-layout-constrained wp-block-group-is-layout-constrained\">\n<p><\/p>\n\n\n\n<p><\/p>\n\n\n\n<div style=\"height:20px\" aria-hidden=\"true\" class=\"wp-block-spacer\"><\/div>\n<\/div>\n\n\n\n<div class=\"wp-block-media-text alignwide is-stacked-on-mobile has-sitebg-background-color has-background\"><figure class=\"wp-block-media-text__media\"><img data-recalc-dims=\"1\" loading=\"lazy\" decoding=\"async\" width=\"450\" height=\"600\" src=\"https:\/\/i0.wp.com\/racinesdudesert.com\/stages-retraites-d%C3%A9sert\/wp-content\/uploads\/Nat33-Yoga-450x600-1.jpg?resize=450%2C600&#038;ssl=1\" alt=\"\" class=\"wp-image-4745 size-full\" srcset=\"https:\/\/i0.wp.com\/racinesdudesert.com\/stages-retraites-d%C3%A9sert\/wp-content\/uploads\/Nat33-Yoga-450x600-1.jpg?w=450&amp;ssl=1 450w, https:\/\/i0.wp.com\/racinesdudesert.com\/stages-retraites-d%C3%A9sert\/wp-content\/uploads\/Nat33-Yoga-450x600-1.jpg?resize=300%2C400&amp;ssl=1 300w\" sizes=\"auto, (max-width: 450px) 100vw, 450px\" \/><\/figure><div class=\"wp-block-media-text__content\">\n<div style=\"height:20px\" aria-hidden=\"true\" class=\"wp-block-spacer\"><\/div>\n\n\n\n<hr class=\"wp-block-separator has-text-color has-accent-2-color has-alpha-channel-opacity has-accent-2-background-color has-background\"\/>\n\n\n\n<h2 class=\"wp-block-heading has-text-align-center\"><span style=\"color:#3492dc\" class=\"tadv-color\">Qui suis-je?<\/span><\/h2>\n\n\n\n<p>Je m&rsquo;appelle Nathalie, j&rsquo;ai 52 ans. Depuis maintenant pr\u00e8s de 3 ans j&rsquo;enseigne le Pilates et le Yoga (Power Yoga, Danse du Dragon, Acroyoga) par passion \u00e0 c\u00f4t\u00e9 de Bordeaux. <\/p>\n\n\n\n<p>Ce qui m&rsquo;anime ? Apprendre et transmettre. <\/p>\n\n\n\n<p>Et c&rsquo;est ce que je vous propose de faire pendant cette \u00e9chapp\u00e9e. Au del\u00e0 des \u00ab\u00a0cours\u00a0\u00bb quotidiens nous partagerons et, je l&rsquo;esp\u00e8re, repartirons avec le sentiment d&rsquo;avoir appris sur soi, sur les autres.<\/p>\n<\/div><\/div>\n\n\n\n<div style=\"height:20px\" aria-hidden=\"true\" class=\"wp-block-spacer\"><\/div>\n\n\n\n<hr class=\"wp-block-separator has-text-color has-accent-2-color has-alpha-channel-opacity has-accent-2-background-color has-background\"\/>\n\n\n\n<div style=\"height:20px\" aria-hidden=\"true\" class=\"wp-block-spacer\"><\/div>\n\n\n\n<figure class=\"wp-block-image aligncenter size-full\"><a href=\"https:\/\/racinesdudesert.com\/stages-retraites-d%C3%A9sert\/echappee-saharienne\/\" target=\"_blank\" rel=\" noreferrer noopener\"><img data-recalc-dims=\"1\" loading=\"lazy\" decoding=\"async\" width=\"600\" height=\"400\" src=\"https:\/\/i0.wp.com\/racinesdudesert.com\/stages-retraites-d%C3%A9sert\/wp-content\/uploads\/Echappee-saharienne-600x400-1.jpg?resize=600%2C400&#038;ssl=1\" alt=\"\" class=\"wp-image-4756\" srcset=\"https:\/\/i0.wp.com\/racinesdudesert.com\/stages-retraites-d%C3%A9sert\/wp-content\/uploads\/Echappee-saharienne-600x400-1.jpg?w=600&amp;ssl=1 600w, https:\/\/i0.wp.com\/racinesdudesert.com\/stages-retraites-d%C3%A9sert\/wp-content\/uploads\/Echappee-saharienne-600x400-1.jpg?resize=500%2C333&amp;ssl=1 500w\" sizes=\"auto, (max-width: 600px) 100vw, 600px\" \/><\/a><\/figure>\n\n\n\n<div style=\"height:20px\" aria-hidden=\"true\" class=\"wp-block-spacer\"><\/div>\n\n\n\n<p class=\"has-text-align-center has-accent-1-color has-text-color has-normal-font-size\"><span class=\"tadv-color\" style=\"color:#e86202\"><a href=\"https:\/\/racinesdudesert.com\/stages-retraites-d%C3%A9sert\/echappee-saharienne\/\" target=\"_blank\" rel=\"noreferrer noopener\">Faire un stage avec Nathalie<\/a><\/span><\/p>\n\n\n\n<div style=\"height:20px\" aria-hidden=\"true\" class=\"wp-block-spacer\"><\/div>\n\n\n\n<hr class=\"wp-block-separator has-text-color has-accent-2-color has-alpha-channel-opacity has-accent-2-background-color has-background\"\/>\n\n\n\n<div style=\"height:20px\" aria-hidden=\"true\" class=\"wp-block-spacer\"><\/div>\n\n\n\n<p>Retrouve Nathalie sur <a href=\"https:\/\/www.instagram.com\/flowbody_by_nat\/\" target=\"_blank\" rel=\"noreferrer noopener\">Instagram <\/a><\/p>\n\n\n\n<p><\/p>\n","protected":false},"excerpt":{"rendered":"<p>Coach pro mais qui ne se prend pas au s\u00e9rieux, Nathalie vous propose de prendre soin de son corps dans le jeu et le plaisir, et avec la joie du partage avec les autres en pratiquant Pilates et yoga.<\/p>\n","protected":false},"author":1,"featured_media":4743,"comment_status":"closed","ping_status":"closed","sticky":false,"template":"","format":"standard","meta":{"site-sidebar-layout":"default","site-content-layout":"","ast-site-content-layout":"default","site-content-style":"default","site-sidebar-style":"default","ast-global-header-display":"","ast-banner-title-visibility":"","ast-main-header-display":"","ast-hfb-above-header-display":"","ast-hfb-below-header-display":"","ast-hfb-mobile-header-display":"","site-post-title":"","ast-breadcrumbs-content":"","ast-featured-img":"","footer-sml-layout":"","ast-disable-related-posts":"","theme-transparent-header-meta":"","adv-header-id-meta":"","stick-header-meta":"","header-above-stick-meta":"","header-main-stick-meta":"","header-below-stick-meta":"","astra-migrate-meta-layouts":"default","ast-page-background-enabled":"default","ast-page-background-meta":{"desktop":{"background-color":"var(--ast-global-color-5)","background-image":"","background-repeat":"repeat","background-position":"center center","background-size":"auto","background-attachment":"scroll","background-type":"","background-media":"","overlay-type":"","overlay-color":"","overlay-opacity":"","overlay-gradient":""},"tablet":{"background-color":"","background-image":"","background-repeat":"repeat","background-position":"center center","background-size":"auto","background-attachment":"scroll","background-type":"","background-media":"","overlay-type":"","overlay-color":"","overlay-opacity":"","overlay-gradient":""},"mobile":{"background-color":"","background-image":"","background-repeat":"repeat","background-position":"center center","background-size":"auto","background-attachment":"scroll","background-type":"","background-media":"","overlay-type":"","overlay-color":"","overlay-opacity":"","overlay-gradient":""}},"ast-content-background-meta":{"desktop":{"background-color":"var(--ast-global-color-4)","background-image":"","background-repeat":"repeat","background-position":"center center","background-size":"auto","background-attachment":"scroll","background-type":"","background-media":"","overlay-type":"","overlay-color":"","overlay-opacity":"","overlay-gradient":""},"tablet":{"background-color":"var(--ast-global-color-4)","background-image":"","background-repeat":"repeat","background-position":"center center","background-size":"auto","background-attachment":"scroll","background-type":"","background-media":"","overlay-type":"","overlay-color":"","overlay-opacity":"","overlay-gradient":""},"mobile":{"background-color":"var(--ast-global-color-4)","background-image":"","background-repeat":"repeat","background-position":"center center","background-size":"auto","background-attachment":"scroll","background-type":"","background-media":"","overlay-type":"","overlay-color":"","overlay-opacity":"","overlay-gradient":""}},"_jetpack_memberships_contains_paid_content":false,"footnotes":""},"categories":[13],"tags":[35,4],"class_list":["post-4735","post","type-post","status-publish","format-standard","has-post-thumbnail","hentry","category-professeurs","tag-pilates","tag-yoga"],"yoast_head":"<!-- This site is optimized with the Yoast SEO plugin v27.4 - https:\/\/yoast.com\/product\/yoast-seo-wordpress\/ -->\n<title>Nathalie -<\/title>\n<meta name=\"description\" content=\"Coach pro mais qui ne se prend pas au s\u00e9rieux, Nathalie vous propose Pilates et yoga dans un trek inoubliable dans le d\u00e9sert.\" \/>\n<meta name=\"robots\" content=\"index, follow, max-snippet:-1, max-image-preview:large, max-video-preview:-1\" \/>\n<link rel=\"canonical\" href=\"https:\/\/racinesdudesert.com\/stages-retraites-d\u00e9sert\/nathalie\/\" \/>\n<meta property=\"og:locale\" content=\"fr_FR\" \/>\n<meta property=\"og:type\" content=\"article\" \/>\n<meta property=\"og:title\" content=\"Nathalie\" \/>\n<meta property=\"og:description\" content=\"Coach pro mais qui ne se prend pas au s\u00e9rieux, Nathalie vous propose Pilates et yoga dans un trek inoubliable dans le d\u00e9sert.\" \/>\n<meta property=\"og:url\" content=\"https:\/\/racinesdudesert.com\/stages-retraites-d\u00e9sert\/nathalie\/\" \/>\n<meta property=\"article:publisher\" content=\"https:\/\/www.facebook.com\/people\/Racines-du-Dsert\/100064091077976\/\" \/>\n<meta property=\"article:published_time\" content=\"2025-01-13T15:42:45+00:00\" \/>\n<meta property=\"article:modified_time\" content=\"2025-01-13T15:55:50+00:00\" \/>\n<meta property=\"og:image\" content=\"https:\/\/racinesdudesert.com\/stages-retraites-d%C3%A9sert\/wp-content\/uploads\/Echappee-saharienne-600x400-1.jpg\" \/>\n\t<meta property=\"og:image:width\" content=\"600\" \/>\n\t<meta property=\"og:image:height\" content=\"400\" \/>\n\t<meta property=\"og:image:type\" content=\"image\/jpeg\" \/>\n<meta name=\"author\" content=\"racinesdudesert@gmail.com\" \/>\n<meta name=\"twitter:card\" content=\"summary_large_image\" \/>\n<meta name=\"twitter:label1\" content=\"\u00c9crit par\" \/>\n\t<meta name=\"twitter:data1\" content=\"racinesdudesert@gmail.com\" \/>\n\t<meta name=\"twitter:label2\" content=\"Dur\u00e9e de lecture estim\u00e9e\" \/>\n\t<meta name=\"twitter:data2\" content=\"2 minutes\" \/>\n<script type=\"application\/ld+json\" class=\"yoast-schema-graph\">{\"@context\":\"https:\\\/\\\/schema.org\",\"@graph\":[{\"@type\":\"Article\",\"@id\":\"https:\\\/\\\/racinesdudesert.com\\\/stages-retraites-d%C3%A9sert\\\/nathalie\\\/#article\",\"isPartOf\":{\"@id\":\"https:\\\/\\\/racinesdudesert.com\\\/stages-retraites-d%C3%A9sert\\\/nathalie\\\/\"},\"author\":{\"name\":\"racinesdudesert@gmail.com\",\"@id\":\"https:\\\/\\\/racinesdudesert.com\\\/stages-retraites-d%C3%A9sert\\\/#\\\/schema\\\/person\\\/b7b3e1aed06c55fe19975d819116e852\"},\"headline\":\"Nathalie\",\"datePublished\":\"2025-01-13T15:42:45+00:00\",\"dateModified\":\"2025-01-13T15:55:50+00:00\",\"mainEntityOfPage\":{\"@id\":\"https:\\\/\\\/racinesdudesert.com\\\/stages-retraites-d%C3%A9sert\\\/nathalie\\\/\"},\"wordCount\":93,\"publisher\":{\"@id\":\"https:\\\/\\\/racinesdudesert.com\\\/stages-retraites-d%C3%A9sert\\\/#organization\"},\"image\":{\"@id\":\"https:\\\/\\\/racinesdudesert.com\\\/stages-retraites-d%C3%A9sert\\\/nathalie\\\/#primaryimage\"},\"thumbnailUrl\":\"https:\\\/\\\/i0.wp.com\\\/racinesdudesert.com\\\/stages-retraites-d%C3%A9sert\\\/wp-content\\\/uploads\\\/Nat33-600x400-1.jpg?fit=600%2C400&ssl=1\",\"keywords\":[\"pilates\",\"yoga\"],\"articleSection\":[\"Professeurs\"],\"inLanguage\":\"fr-FR\"},{\"@type\":\"WebPage\",\"@id\":\"https:\\\/\\\/racinesdudesert.com\\\/stages-retraites-d%C3%A9sert\\\/nathalie\\\/\",\"url\":\"https:\\\/\\\/racinesdudesert.com\\\/stages-retraites-d%C3%A9sert\\\/nathalie\\\/\",\"name\":\"Nathalie -\",\"isPartOf\":{\"@id\":\"https:\\\/\\\/racinesdudesert.com\\\/stages-retraites-d%C3%A9sert\\\/#website\"},\"primaryImageOfPage\":{\"@id\":\"https:\\\/\\\/racinesdudesert.com\\\/stages-retraites-d%C3%A9sert\\\/nathalie\\\/#primaryimage\"},\"image\":{\"@id\":\"https:\\\/\\\/racinesdudesert.com\\\/stages-retraites-d%C3%A9sert\\\/nathalie\\\/#primaryimage\"},\"thumbnailUrl\":\"https:\\\/\\\/i0.wp.com\\\/racinesdudesert.com\\\/stages-retraites-d%C3%A9sert\\\/wp-content\\\/uploads\\\/Nat33-600x400-1.jpg?fit=600%2C400&ssl=1\",\"datePublished\":\"2025-01-13T15:42:45+00:00\",\"dateModified\":\"2025-01-13T15:55:50+00:00\",\"description\":\"Coach pro mais qui ne se prend pas au s\u00e9rieux, Nathalie vous propose Pilates et yoga dans un trek inoubliable dans le d\u00e9sert.\",\"breadcrumb\":{\"@id\":\"https:\\\/\\\/racinesdudesert.com\\\/stages-retraites-d%C3%A9sert\\\/nathalie\\\/#breadcrumb\"},\"inLanguage\":\"fr-FR\",\"potentialAction\":[{\"@type\":\"ReadAction\",\"target\":[\"https:\\\/\\\/racinesdudesert.com\\\/stages-retraites-d%C3%A9sert\\\/nathalie\\\/\"]}]},{\"@type\":\"ImageObject\",\"inLanguage\":\"fr-FR\",\"@id\":\"https:\\\/\\\/racinesdudesert.com\\\/stages-retraites-d%C3%A9sert\\\/nathalie\\\/#primaryimage\",\"url\":\"https:\\\/\\\/i0.wp.com\\\/racinesdudesert.com\\\/stages-retraites-d%C3%A9sert\\\/wp-content\\\/uploads\\\/Nat33-600x400-1.jpg?fit=600%2C400&ssl=1\",\"contentUrl\":\"https:\\\/\\\/i0.wp.com\\\/racinesdudesert.com\\\/stages-retraites-d%C3%A9sert\\\/wp-content\\\/uploads\\\/Nat33-600x400-1.jpg?fit=600%2C400&ssl=1\",\"width\":600,\"height\":400},{\"@type\":\"BreadcrumbList\",\"@id\":\"https:\\\/\\\/racinesdudesert.com\\\/stages-retraites-d%C3%A9sert\\\/nathalie\\\/#breadcrumb\",\"itemListElement\":[{\"@type\":\"ListItem\",\"position\":1,\"name\":\"Accueil\",\"item\":\"https:\\\/\\\/racinesdudesert.com\\\/stages-retraites-d%C3%A9sert\\\/\"},{\"@type\":\"ListItem\",\"position\":2,\"name\":\"Nathalie\"}]},{\"@type\":\"WebSite\",\"@id\":\"https:\\\/\\\/racinesdudesert.com\\\/stages-retraites-d%C3%A9sert\\\/#website\",\"url\":\"https:\\\/\\\/racinesdudesert.com\\\/stages-retraites-d%C3%A9sert\\\/\",\"name\":\"\",\"description\":\"Organisation de retraites dans le d\u00e9sert\",\"publisher\":{\"@id\":\"https:\\\/\\\/racinesdudesert.com\\\/stages-retraites-d%C3%A9sert\\\/#organization\"},\"potentialAction\":[{\"@type\":\"SearchAction\",\"target\":{\"@type\":\"EntryPoint\",\"urlTemplate\":\"https:\\\/\\\/racinesdudesert.com\\\/stages-retraites-d%C3%A9sert\\\/?s={search_term_string}\"},\"query-input\":{\"@type\":\"PropertyValueSpecification\",\"valueRequired\":true,\"valueName\":\"search_term_string\"}}],\"inLanguage\":\"fr-FR\"},{\"@type\":\"Organization\",\"@id\":\"https:\\\/\\\/racinesdudesert.com\\\/stages-retraites-d%C3%A9sert\\\/#organization\",\"name\":\"Racines du D\u00e9sert\",\"alternateName\":\"Les Racines du D\u00e9sert\",\"url\":\"https:\\\/\\\/racinesdudesert.com\\\/stages-retraites-d%C3%A9sert\\\/\",\"logo\":{\"@type\":\"ImageObject\",\"inLanguage\":\"fr-FR\",\"@id\":\"https:\\\/\\\/racinesdudesert.com\\\/stages-retraites-d%C3%A9sert\\\/#\\\/schema\\\/logo\\\/image\\\/\",\"url\":\"https:\\\/\\\/i0.wp.com\\\/racinesdudesert.com\\\/stages-retraites-d%C3%A9sert\\\/wp-content\\\/uploads\\\/cropped-a-imprimer.png?fit=793%2C353&ssl=1\",\"contentUrl\":\"https:\\\/\\\/i0.wp.com\\\/racinesdudesert.com\\\/stages-retraites-d%C3%A9sert\\\/wp-content\\\/uploads\\\/cropped-a-imprimer.png?fit=793%2C353&ssl=1\",\"width\":793,\"height\":353,\"caption\":\"Racines du D\u00e9sert\"},\"image\":{\"@id\":\"https:\\\/\\\/racinesdudesert.com\\\/stages-retraites-d%C3%A9sert\\\/#\\\/schema\\\/logo\\\/image\\\/\"},\"sameAs\":[\"https:\\\/\\\/www.facebook.com\\\/people\\\/Racines-du-Dsert\\\/100064091077976\\\/\",\"https:\\\/\\\/www.instagram.com\\\/racines_du_desert\\\/\"]},{\"@type\":\"Person\",\"@id\":\"https:\\\/\\\/racinesdudesert.com\\\/stages-retraites-d%C3%A9sert\\\/#\\\/schema\\\/person\\\/b7b3e1aed06c55fe19975d819116e852\",\"name\":\"racinesdudesert@gmail.com\",\"image\":{\"@type\":\"ImageObject\",\"inLanguage\":\"fr-FR\",\"@id\":\"https:\\\/\\\/secure.gravatar.com\\\/avatar\\\/575fd2bc1c02ea3d33fd07d8cf0409592824cab3fc8c40bb4728314dd4039a2a?s=96&d=mm&r=g\",\"url\":\"https:\\\/\\\/secure.gravatar.com\\\/avatar\\\/575fd2bc1c02ea3d33fd07d8cf0409592824cab3fc8c40bb4728314dd4039a2a?s=96&d=mm&r=g\",\"contentUrl\":\"https:\\\/\\\/secure.gravatar.com\\\/avatar\\\/575fd2bc1c02ea3d33fd07d8cf0409592824cab3fc8c40bb4728314dd4039a2a?s=96&d=mm&r=g\",\"caption\":\"racinesdudesert@gmail.com\"},\"sameAs\":[\"https:\\\/\\\/racinesdudesert.com\\\/stages-retraites-d%C3%A9sert\"],\"url\":\"https:\\\/\\\/racinesdudesert.com\\\/stages-retraites-d%C3%A9sert\\\/author\\\/racinesdudesertgmail-com\\\/\"}]}<\/script>\n<!-- \/ Yoast SEO plugin. -->","yoast_head_json":{"title":"Nathalie -","description":"Coach pro mais qui ne se prend pas au s\u00e9rieux, Nathalie vous propose Pilates et yoga dans un trek inoubliable dans le d\u00e9sert.","robots":{"index":"index","follow":"follow","max-snippet":"max-snippet:-1","max-image-preview":"max-image-preview:large","max-video-preview":"max-video-preview:-1"},"canonical":"https:\/\/racinesdudesert.com\/stages-retraites-d\u00e9sert\/nathalie\/","og_locale":"fr_FR","og_type":"article","og_title":"Nathalie","og_description":"Coach pro mais qui ne se prend pas au s\u00e9rieux, Nathalie vous propose Pilates et yoga dans un trek inoubliable dans le d\u00e9sert.","og_url":"https:\/\/racinesdudesert.com\/stages-retraites-d\u00e9sert\/nathalie\/","article_publisher":"https:\/\/www.facebook.com\/people\/Racines-du-Dsert\/100064091077976\/","article_published_time":"2025-01-13T15:42:45+00:00","article_modified_time":"2025-01-13T15:55:50+00:00","og_image":[{"width":600,"height":400,"url":"https:\/\/racinesdudesert.com\/stages-retraites-d%C3%A9sert\/wp-content\/uploads\/Echappee-saharienne-600x400-1.jpg","type":"image\/jpeg"}],"author":"racinesdudesert@gmail.com","twitter_card":"summary_large_image","twitter_misc":{"\u00c9crit par":"racinesdudesert@gmail.com","Dur\u00e9e de lecture estim\u00e9e":"2 minutes"},"schema":{"@context":"https:\/\/schema.org","@graph":[{"@type":"Article","@id":"https:\/\/racinesdudesert.com\/stages-retraites-d%C3%A9sert\/nathalie\/#article","isPartOf":{"@id":"https:\/\/racinesdudesert.com\/stages-retraites-d%C3%A9sert\/nathalie\/"},"author":{"name":"racinesdudesert@gmail.com","@id":"https:\/\/racinesdudesert.com\/stages-retraites-d%C3%A9sert\/#\/schema\/person\/b7b3e1aed06c55fe19975d819116e852"},"headline":"Nathalie","datePublished":"2025-01-13T15:42:45+00:00","dateModified":"2025-01-13T15:55:50+00:00","mainEntityOfPage":{"@id":"https:\/\/racinesdudesert.com\/stages-retraites-d%C3%A9sert\/nathalie\/"},"wordCount":93,"publisher":{"@id":"https:\/\/racinesdudesert.com\/stages-retraites-d%C3%A9sert\/#organization"},"image":{"@id":"https:\/\/racinesdudesert.com\/stages-retraites-d%C3%A9sert\/nathalie\/#primaryimage"},"thumbnailUrl":"https:\/\/i0.wp.com\/racinesdudesert.com\/stages-retraites-d%C3%A9sert\/wp-content\/uploads\/Nat33-600x400-1.jpg?fit=600%2C400&ssl=1","keywords":["pilates","yoga"],"articleSection":["Professeurs"],"inLanguage":"fr-FR"},{"@type":"WebPage","@id":"https:\/\/racinesdudesert.com\/stages-retraites-d%C3%A9sert\/nathalie\/","url":"https:\/\/racinesdudesert.com\/stages-retraites-d%C3%A9sert\/nathalie\/","name":"Nathalie -","isPartOf":{"@id":"https:\/\/racinesdudesert.com\/stages-retraites-d%C3%A9sert\/#website"},"primaryImageOfPage":{"@id":"https:\/\/racinesdudesert.com\/stages-retraites-d%C3%A9sert\/nathalie\/#primaryimage"},"image":{"@id":"https:\/\/racinesdudesert.com\/stages-retraites-d%C3%A9sert\/nathalie\/#primaryimage"},"thumbnailUrl":"https:\/\/i0.wp.com\/racinesdudesert.com\/stages-retraites-d%C3%A9sert\/wp-content\/uploads\/Nat33-600x400-1.jpg?fit=600%2C400&ssl=1","datePublished":"2025-01-13T15:42:45+00:00","dateModified":"2025-01-13T15:55:50+00:00","description":"Coach pro mais qui ne se prend pas au s\u00e9rieux, Nathalie vous propose Pilates et yoga dans un trek inoubliable dans le d\u00e9sert.","breadcrumb":{"@id":"https:\/\/racinesdudesert.com\/stages-retraites-d%C3%A9sert\/nathalie\/#breadcrumb"},"inLanguage":"fr-FR","potentialAction":[{"@type":"ReadAction","target":["https:\/\/racinesdudesert.com\/stages-retraites-d%C3%A9sert\/nathalie\/"]}]},{"@type":"ImageObject","inLanguage":"fr-FR","@id":"https:\/\/racinesdudesert.com\/stages-retraites-d%C3%A9sert\/nathalie\/#primaryimage","url":"https:\/\/i0.wp.com\/racinesdudesert.com\/stages-retraites-d%C3%A9sert\/wp-content\/uploads\/Nat33-600x400-1.jpg?fit=600%2C400&ssl=1","contentUrl":"https:\/\/i0.wp.com\/racinesdudesert.com\/stages-retraites-d%C3%A9sert\/wp-content\/uploads\/Nat33-600x400-1.jpg?fit=600%2C400&ssl=1","width":600,"height":400},{"@type":"BreadcrumbList","@id":"https:\/\/racinesdudesert.com\/stages-retraites-d%C3%A9sert\/nathalie\/#breadcrumb","itemListElement":[{"@type":"ListItem","position":1,"name":"Accueil","item":"https:\/\/racinesdudesert.com\/stages-retraites-d%C3%A9sert\/"},{"@type":"ListItem","position":2,"name":"Nathalie"}]},{"@type":"WebSite","@id":"https:\/\/racinesdudesert.com\/stages-retraites-d%C3%A9sert\/#website","url":"https:\/\/racinesdudesert.com\/stages-retraites-d%C3%A9sert\/","name":"","description":"Organisation de retraites dans le d\u00e9sert","publisher":{"@id":"https:\/\/racinesdudesert.com\/stages-retraites-d%C3%A9sert\/#organization"},"potentialAction":[{"@type":"SearchAction","target":{"@type":"EntryPoint","urlTemplate":"https:\/\/racinesdudesert.com\/stages-retraites-d%C3%A9sert\/?s={search_term_string}"},"query-input":{"@type":"PropertyValueSpecification","valueRequired":true,"valueName":"search_term_string"}}],"inLanguage":"fr-FR"},{"@type":"Organization","@id":"https:\/\/racinesdudesert.com\/stages-retraites-d%C3%A9sert\/#organization","name":"Racines du D\u00e9sert","alternateName":"Les Racines du D\u00e9sert","url":"https:\/\/racinesdudesert.com\/stages-retraites-d%C3%A9sert\/","logo":{"@type":"ImageObject","inLanguage":"fr-FR","@id":"https:\/\/racinesdudesert.com\/stages-retraites-d%C3%A9sert\/#\/schema\/logo\/image\/","url":"https:\/\/i0.wp.com\/racinesdudesert.com\/stages-retraites-d%C3%A9sert\/wp-content\/uploads\/cropped-a-imprimer.png?fit=793%2C353&ssl=1","contentUrl":"https:\/\/i0.wp.com\/racinesdudesert.com\/stages-retraites-d%C3%A9sert\/wp-content\/uploads\/cropped-a-imprimer.png?fit=793%2C353&ssl=1","width":793,"height":353,"caption":"Racines du D\u00e9sert"},"image":{"@id":"https:\/\/racinesdudesert.com\/stages-retraites-d%C3%A9sert\/#\/schema\/logo\/image\/"},"sameAs":["https:\/\/www.facebook.com\/people\/Racines-du-Dsert\/100064091077976\/","https:\/\/www.instagram.com\/racines_du_desert\/"]},{"@type":"Person","@id":"https:\/\/racinesdudesert.com\/stages-retraites-d%C3%A9sert\/#\/schema\/person\/b7b3e1aed06c55fe19975d819116e852","name":"racinesdudesert@gmail.com","image":{"@type":"ImageObject","inLanguage":"fr-FR","@id":"https:\/\/secure.gravatar.com\/avatar\/575fd2bc1c02ea3d33fd07d8cf0409592824cab3fc8c40bb4728314dd4039a2a?s=96&d=mm&r=g","url":"https:\/\/secure.gravatar.com\/avatar\/575fd2bc1c02ea3d33fd07d8cf0409592824cab3fc8c40bb4728314dd4039a2a?s=96&d=mm&r=g","contentUrl":"https:\/\/secure.gravatar.com\/avatar\/575fd2bc1c02ea3d33fd07d8cf0409592824cab3fc8c40bb4728314dd4039a2a?s=96&d=mm&r=g","caption":"racinesdudesert@gmail.com"},"sameAs":["https:\/\/racinesdudesert.com\/stages-retraites-d%C3%A9sert"],"url":"https:\/\/racinesdudesert.com\/stages-retraites-d%C3%A9sert\/author\/racinesdudesertgmail-com\/"}]}},"jetpack_featured_media_url":"https:\/\/i0.wp.com\/racinesdudesert.com\/stages-retraites-d%C3%A9sert\/wp-content\/uploads\/Nat33-600x400-1.jpg?fit=600%2C400&ssl=1","jetpack_sharing_enabled":true,"_links":{"self":[{"href":"https:\/\/racinesdudesert.com\/stages-retraites-d%C3%A9sert\/wp-json\/wp\/v2\/posts\/4735","targetHints":{"allow":["GET"]}}],"collection":[{"href":"https:\/\/racinesdudesert.com\/stages-retraites-d%C3%A9sert\/wp-json\/wp\/v2\/posts"}],"about":[{"href":"https:\/\/racinesdudesert.com\/stages-retraites-d%C3%A9sert\/wp-json\/wp\/v2\/types\/post"}],"author":[{"embeddable":true,"href":"https:\/\/racinesdudesert.com\/stages-retraites-d%C3%A9sert\/wp-json\/wp\/v2\/users\/1"}],"replies":[{"embeddable":true,"href":"https:\/\/racinesdudesert.com\/stages-retraites-d%C3%A9sert\/wp-json\/wp\/v2\/comments?post=4735"}],"version-history":[{"count":7,"href":"https:\/\/racinesdudesert.com\/stages-retraites-d%C3%A9sert\/wp-json\/wp\/v2\/posts\/4735\/revisions"}],"predecessor-version":[{"id":4772,"href":"https:\/\/racinesdudesert.com\/stages-retraites-d%C3%A9sert\/wp-json\/wp\/v2\/posts\/4735\/revisions\/4772"}],"wp:featuredmedia":[{"embeddable":true,"href":"https:\/\/racinesdudesert.com\/stages-retraites-d%C3%A9sert\/wp-json\/wp\/v2\/media\/4743"}],"wp:attachment":[{"href":"https:\/\/racinesdudesert.com\/stages-retraites-d%C3%A9sert\/wp-json\/wp\/v2\/media?parent=4735"}],"wp:term":[{"taxonomy":"category","embeddable":true,"href":"https:\/\/racinesdudesert.com\/stages-retraites-d%C3%A9sert\/wp-json\/wp\/v2\/categories?post=4735"},{"taxonomy":"post_tag","embeddable":true,"href":"https:\/\/racinesdudesert.com\/stages-retraites-d%C3%A9sert\/wp-json\/wp\/v2\/tags?post=4735"}],"curies":[{"name":"wp","href":"https:\/\/api.w.org\/{rel}","templated":true}]}}