{"id":6346,"date":"2026-01-21T12:24:28","date_gmt":"2026-01-21T11:24:28","guid":{"rendered":"https:\/\/racinesdudesert.com\/stages-retraites-d%C3%A9sert\/?p=6346"},"modified":"2026-04-24T17:07:56","modified_gmt":"2026-04-24T15:07:56","slug":"le-chemin-de-lame","status":"publish","type":"post","link":"https:\/\/racinesdudesert.com\/stages-retraites-d%C3%A9sert\/le-chemin-de-lame\/","title":{"rendered":"Le Chemin de l&rsquo;\u00c2me"},"content":{"rendered":"\n\n\n<p>15 au 20 JUIN 2026<\/p>\n\n\n\n<h4 class=\"wp-block-heading has-text-align-center\">Le Chemin de l&rsquo;\u00c2me<\/h4>\n\n\n\n<h2 class=\"wp-block-heading has-text-align-center\">L&rsquo;Atlas marocain, un chemin de d\u00e9couverte int\u00e9rieure<\/h2>\n\n\n\n<div style=\"height:30px\" aria-hidden=\"true\" class=\"wp-block-spacer\"><\/div>\n\n\n\n<figure class=\"wp-block-image aligncenter size-full\"><img data-recalc-dims=\"1\" loading=\"lazy\" decoding=\"async\" width=\"1200\" height=\"100\" src=\"https:\/\/i0.wp.com\/racinesdudesert.com\/stages-retraites-d%C3%A9sert\/wp-content\/uploads\/Frise-1200x100-1.jpg?resize=1200%2C100&#038;ssl=1\" alt=\"\" class=\"wp-image-6361\" srcset=\"https:\/\/i0.wp.com\/racinesdudesert.com\/stages-retraites-d%C3%A9sert\/wp-content\/uploads\/Frise-1200x100-1.jpg?w=1200&amp;ssl=1 1200w, https:\/\/i0.wp.com\/racinesdudesert.com\/stages-retraites-d%C3%A9sert\/wp-content\/uploads\/Frise-1200x100-1.jpg?resize=1024%2C85&amp;ssl=1 1024w, https:\/\/i0.wp.com\/racinesdudesert.com\/stages-retraites-d%C3%A9sert\/wp-content\/uploads\/Frise-1200x100-1.jpg?resize=768%2C64&amp;ssl=1 768w, https:\/\/i0.wp.com\/racinesdudesert.com\/stages-retraites-d%C3%A9sert\/wp-content\/uploads\/Frise-1200x100-1.jpg?resize=500%2C42&amp;ssl=1 500w\" sizes=\"auto, (max-width: 1000px) 100vw, 1000px\" \/><\/figure>\n\n\n\n<h2 class=\"wp-block-heading has-text-align-center\">Le mot de Delphine <\/h2>\n\n\n\n<p>Je suis ravie de vous accompagner lors de cette exp\u00e9rience transformatrice au coeur de l&rsquo;Atlas marocain, o\u00f9 les paysages \u00e9poustouflants et l&rsquo;\u00e9nergie puissante des montagnes nous permettent de nous reconnecter \u00e0 une partie plus grande de nous-m\u00eame.<\/p>\n\n\n\n<figure class=\"wp-block-image aligncenter size-full\"><img data-recalc-dims=\"1\" loading=\"lazy\" decoding=\"async\" width=\"1200\" height=\"600\" src=\"https:\/\/i0.wp.com\/racinesdudesert.com\/stages-retraites-d%C3%A9sert\/wp-content\/uploads\/Vallee-dIkiss-1200x600-1.jpg?resize=1200%2C600&#038;ssl=1\" alt=\"\" class=\"wp-image-6360\" srcset=\"https:\/\/i0.wp.com\/racinesdudesert.com\/stages-retraites-d%C3%A9sert\/wp-content\/uploads\/Vallee-dIkiss-1200x600-1.jpg?w=1200&amp;ssl=1 1200w, https:\/\/i0.wp.com\/racinesdudesert.com\/stages-retraites-d%C3%A9sert\/wp-content\/uploads\/Vallee-dIkiss-1200x600-1.jpg?resize=1024%2C512&amp;ssl=1 1024w, https:\/\/i0.wp.com\/racinesdudesert.com\/stages-retraites-d%C3%A9sert\/wp-content\/uploads\/Vallee-dIkiss-1200x600-1.jpg?resize=768%2C384&amp;ssl=1 768w, https:\/\/i0.wp.com\/racinesdudesert.com\/stages-retraites-d%C3%A9sert\/wp-content\/uploads\/Vallee-dIkiss-1200x600-1.jpg?resize=500%2C250&amp;ssl=1 500w, https:\/\/i0.wp.com\/racinesdudesert.com\/stages-retraites-d%C3%A9sert\/wp-content\/uploads\/Vallee-dIkiss-1200x600-1.jpg?resize=800%2C400&amp;ssl=1 800w\" sizes=\"auto, (max-width: 1000px) 100vw, 1000px\" \/><\/figure>\n\n\n\n<div style=\"height:50px\" aria-hidden=\"true\" class=\"wp-block-spacer\"><\/div>\n\n\n\n<figure class=\"wp-block-image aligncenter size-full\"><img data-recalc-dims=\"1\" loading=\"lazy\" decoding=\"async\" width=\"100\" height=\"100\" src=\"https:\/\/i0.wp.com\/racinesdudesert.com\/stages-retraites-d%C3%A9sert\/wp-content\/uploads\/Symbole-berbere-100x100-1.jpg?resize=100%2C100&#038;ssl=1\" alt=\"\" class=\"wp-image-6372\"\/><\/figure>\n\n\n\n<div style=\"height:30px\" aria-hidden=\"true\" class=\"wp-block-spacer\"><\/div>\n\n\n\n<div class=\"wp-block-group is-layout-constrained wp-block-group-is-layout-constrained\">\n<h2 class=\"wp-block-heading has-text-align-center\">Programme du Chemin de l&rsquo;\u00c2me<\/h2>\n\n\n\n<div style=\"height:30px\" aria-hidden=\"true\" class=\"wp-block-spacer\"><\/div>\n\n\n\n<div class=\"wp-block-media-text is-stacked-on-mobile\"><figure class=\"wp-block-media-text__media\"><img data-recalc-dims=\"1\" loading=\"lazy\" decoding=\"async\" width=\"450\" height=\"600\" src=\"https:\/\/i0.wp.com\/racinesdudesert.com\/stages-retraites-d%C3%A9sert\/wp-content\/uploads\/Imi-n-Ifri-450x600-1.jpg?resize=450%2C600&#038;ssl=1\" alt=\"\" class=\"wp-image-6359 size-full\" srcset=\"https:\/\/i0.wp.com\/racinesdudesert.com\/stages-retraites-d%C3%A9sert\/wp-content\/uploads\/Imi-n-Ifri-450x600-1.jpg?w=450&amp;ssl=1 450w, https:\/\/i0.wp.com\/racinesdudesert.com\/stages-retraites-d%C3%A9sert\/wp-content\/uploads\/Imi-n-Ifri-450x600-1.jpg?resize=300%2C400&amp;ssl=1 300w\" sizes=\"auto, (max-width: 450px) 100vw, 450px\" \/><\/figure><div class=\"wp-block-media-text__content\">\n<div style=\"height:10px\" aria-hidden=\"true\" class=\"wp-block-spacer\"><\/div>\n\n\n\n<ul class=\"wp-block-list\">\n<li><strong>Lundi 15 juin <\/strong>: d\u00e9part de Marrakech le matin depuis l\u2019a\u00e9roport ou depuis la m\u00e9dina \u2013 pause d\u00e9jeuner \u00e0 Imi n\u2019Ifri et balade dans les grottes \u2013 d\u00eener et nuit au G\u00eete<\/li>\n\n\n\n<li><strong>Mardi 16 juin<\/strong> : Mont\u00e9e dans la vall\u00e9e d\u2019Ikiss \u2013 pique-nique \u2013 apr\u00e8s-midi en montagne \u2013 d\u00eener et nuit au g\u00eete dans la montagne.<\/li>\n\n\n\n<li><strong>Mercredi 17 juin <\/strong>: Excursion au fond de la vall\u00e9e \u2013 pique-nique \u00e0 la cascade &#8211; nuit au g\u00eete<\/li>\n\n\n\n<li><strong>Jeudi 18 juin <\/strong>: Matin\u00e9e en montagne &#8211; cooking class et d\u00e9jeuner sur place &#8211; Redescente au g\u00eete pour la nuit<\/li>\n\n\n\n<li><strong>Vendredi 19 juin <\/strong>: D\u00e9part en v\u00e9hicule puis balade sur les traces de dinosaures \u2013 d\u00e9jeuner \u00e0 l\u2019Ecolodge \u2013 apr\u00e8s-midi libre (mus\u00e9e, atelier) \u2013 d\u00eener et nuit \u00e0 Ecolodge <\/li>\n\n\n\n<li><strong>Samedi 20 juin <\/strong>: retour \u00e0 l&rsquo;a\u00e9roport de Marrakech ou \u00e0 la m\u00e9dina<\/li>\n<\/ul>\n\n\n\n<p><em>La randonn\u00e9e n&rsquo;est pas difficile mais n\u00e9cessite une bonne condition physique.<\/em><\/p>\n<\/div><\/div>\n<\/div>\n\n\n\n<div style=\"height:50px\" aria-hidden=\"true\" class=\"wp-block-spacer\"><\/div>\n\n\n\n<figure class=\"wp-block-image aligncenter size-full\"><img data-recalc-dims=\"1\" loading=\"lazy\" decoding=\"async\" width=\"100\" height=\"100\" src=\"https:\/\/i0.wp.com\/racinesdudesert.com\/stages-retraites-d%C3%A9sert\/wp-content\/uploads\/Symbole-berbere-100x100-1.jpg?resize=100%2C100&#038;ssl=1\" alt=\"\" class=\"wp-image-6372\"\/><\/figure>\n\n\n\n<div style=\"height:30px\" aria-hidden=\"true\" class=\"wp-block-spacer\"><\/div>\n\n\n\n<h2 class=\"wp-block-heading has-text-align-center\">Les pratiques propos\u00e9es par Delphine <\/h2>\n\n\n\n<h3 class=\"wp-block-heading has-text-align-center\">pour vous reconnecter \u00e0 votre essence<\/h3>\n\n\n\n<div style=\"height:30px\" aria-hidden=\"true\" class=\"wp-block-spacer\"><\/div>\n\n\n\n<div class=\"wp-block-columns is-layout-flex wp-container-core-columns-is-layout-28f84493 wp-block-columns-is-layout-flex\">\n<div class=\"wp-block-column is-layout-flow wp-block-column-is-layout-flow\">\n<div class=\"wp-block-media-text alignwide has-media-on-the-right is-stacked-on-mobile is-vertically-aligned-top\"><div class=\"wp-block-media-text__content\">\n<h3 class=\"wp-block-heading has-text-align-center has-accent-1-color has-text-color\"><span class=\"tadv-color\" style=\"color:#e86202\">Guidance et cartomancie<\/span><\/h3>\n\n\n\n<div style=\"height:5px\" aria-hidden=\"true\" class=\"wp-block-spacer\"><\/div>\n\n\n\n<hr class=\"wp-block-separator has-text-color has-accent-1-color has-alpha-channel-opacity has-accent-1-background-color has-background\"\/>\n\n\n\n<div style=\"height:5px\" aria-hidden=\"true\" class=\"wp-block-spacer\"><\/div>\n\n\n\n<p>Mieux comprendre les d\u00e9fis, les opportunit\u00e9s et trouver les cl\u00e9s pour avancer sur son chemin<\/p>\n<\/div><figure class=\"wp-block-media-text__media\"><img data-recalc-dims=\"1\" loading=\"lazy\" decoding=\"async\" width=\"450\" height=\"600\" src=\"https:\/\/i0.wp.com\/racinesdudesert.com\/stages-retraites-d%C3%A9sert\/wp-content\/uploads\/Carte-La-Passionnee-montagne-450x600-1.jpeg?resize=450%2C600&#038;ssl=1\" alt=\"\" class=\"wp-image-6395 size-full\" srcset=\"https:\/\/i0.wp.com\/racinesdudesert.com\/stages-retraites-d%C3%A9sert\/wp-content\/uploads\/Carte-La-Passionnee-montagne-450x600-1.jpeg?w=450&amp;ssl=1 450w, https:\/\/i0.wp.com\/racinesdudesert.com\/stages-retraites-d%C3%A9sert\/wp-content\/uploads\/Carte-La-Passionnee-montagne-450x600-1.jpeg?resize=300%2C400&amp;ssl=1 300w\" sizes=\"auto, (max-width: 450px) 100vw, 450px\" \/><\/figure><\/div>\n\n\n\n<div style=\"height:10px\" aria-hidden=\"true\" class=\"wp-block-spacer\"><\/div>\n<\/div>\n\n\n\n<div class=\"wp-block-column is-layout-flow wp-block-column-is-layout-flow\">\n<div class=\"wp-block-media-text alignwide has-media-on-the-right is-stacked-on-mobile is-vertically-aligned-top\"><div class=\"wp-block-media-text__content\">\n<h3 class=\"wp-block-heading has-text-align-center has-accent-1-color has-text-color\"><span class=\"tadv-color\" style=\"color:#e86202\">M\u00e9ditation<\/span><\/h3>\n\n\n\n<div style=\"height:5px\" aria-hidden=\"true\" class=\"wp-block-spacer\"><\/div>\n\n\n\n<hr class=\"wp-block-separator has-text-color has-accent-1-color has-alpha-channel-opacity has-accent-1-background-color has-background is-style-default\"\/>\n\n\n\n<div style=\"height:5px\" aria-hidden=\"true\" class=\"wp-block-spacer\"><\/div>\n\n\n\n<p>S&rsquo;ancrer dans le pr\u00e9sent, revenir \u00e0 Soi et d\u00e9tendre le corps et l&rsquo;esprit<\/p>\n<\/div><figure class=\"wp-block-media-text__media\"><img data-recalc-dims=\"1\" loading=\"lazy\" decoding=\"async\" width=\"450\" height=\"600\" src=\"https:\/\/i0.wp.com\/racinesdudesert.com\/stages-retraites-d%C3%A9sert\/wp-content\/uploads\/Fenetre-decoree-450x600-1.jpeg?resize=450%2C600&#038;ssl=1\" alt=\"\" class=\"wp-image-6396 size-full\" srcset=\"https:\/\/i0.wp.com\/racinesdudesert.com\/stages-retraites-d%C3%A9sert\/wp-content\/uploads\/Fenetre-decoree-450x600-1.jpeg?w=450&amp;ssl=1 450w, https:\/\/i0.wp.com\/racinesdudesert.com\/stages-retraites-d%C3%A9sert\/wp-content\/uploads\/Fenetre-decoree-450x600-1.jpeg?resize=300%2C400&amp;ssl=1 300w\" sizes=\"auto, (max-width: 450px) 100vw, 450px\" \/><\/figure><\/div>\n\n\n\n<div style=\"height:10px\" aria-hidden=\"true\" class=\"wp-block-spacer\"><\/div>\n<\/div>\n<\/div>\n\n\n\n<div style=\"height:10px\" aria-hidden=\"true\" class=\"wp-block-spacer\"><\/div>\n\n\n\n<div class=\"wp-block-columns is-layout-flex wp-container-core-columns-is-layout-28f84493 wp-block-columns-is-layout-flex\">\n<div class=\"wp-block-column is-layout-flow wp-block-column-is-layout-flow\">\n<div class=\"wp-block-media-text alignwide is-stacked-on-mobile is-vertically-aligned-top\"><figure class=\"wp-block-media-text__media\"><img data-recalc-dims=\"1\" loading=\"lazy\" decoding=\"async\" width=\"450\" height=\"600\" src=\"https:\/\/i0.wp.com\/racinesdudesert.com\/stages-retraites-d%C3%A9sert\/wp-content\/uploads\/Ecriture-intuitive-450x600-1.jpeg?resize=450%2C600&#038;ssl=1\" alt=\"\" class=\"wp-image-6394 size-full\" srcset=\"https:\/\/i0.wp.com\/racinesdudesert.com\/stages-retraites-d%C3%A9sert\/wp-content\/uploads\/Ecriture-intuitive-450x600-1.jpeg?w=450&amp;ssl=1 450w, https:\/\/i0.wp.com\/racinesdudesert.com\/stages-retraites-d%C3%A9sert\/wp-content\/uploads\/Ecriture-intuitive-450x600-1.jpeg?resize=300%2C400&amp;ssl=1 300w\" sizes=\"auto, (max-width: 450px) 100vw, 450px\" \/><\/figure><div class=\"wp-block-media-text__content\">\n<h3 class=\"wp-block-heading has-text-align-center has-accent-1-color has-text-color\"><span class=\"tadv-color\" style=\"color:#e86202\">\u00c9criture intuitive<\/span><\/h3>\n\n\n\n<div style=\"height:5px\" aria-hidden=\"true\" class=\"wp-block-spacer\"><\/div>\n\n\n\n<hr class=\"wp-block-separator has-text-color has-accent-1-color has-alpha-channel-opacity has-accent-1-background-color has-background\"\/>\n\n\n\n<div style=\"height:5px\" aria-hidden=\"true\" class=\"wp-block-spacer\"><\/div>\n\n\n\n<p>Exprimer ses pens\u00e9es, lib\u00e9rer ses \u00e9motions de mani\u00e8re fluide et authentique<\/p>\n<\/div><\/div>\n\n\n\n<div style=\"height:10px\" aria-hidden=\"true\" class=\"wp-block-spacer\"><\/div>\n<\/div>\n\n\n\n<div class=\"wp-block-column is-layout-flow wp-block-column-is-layout-flow\">\n<div class=\"wp-block-media-text alignwide is-stacked-on-mobile is-vertically-aligned-top\"><figure class=\"wp-block-media-text__media\"><img data-recalc-dims=\"1\" loading=\"lazy\" decoding=\"async\" width=\"450\" height=\"600\" src=\"https:\/\/i0.wp.com\/racinesdudesert.com\/stages-retraites-d%C3%A9sert\/wp-content\/uploads\/Delphine-cascade-450x600-1.jpg?resize=450%2C600&#038;ssl=1\" alt=\"\" class=\"wp-image-6367 size-full\" srcset=\"https:\/\/i0.wp.com\/racinesdudesert.com\/stages-retraites-d%C3%A9sert\/wp-content\/uploads\/Delphine-cascade-450x600-1.jpg?w=450&amp;ssl=1 450w, https:\/\/i0.wp.com\/racinesdudesert.com\/stages-retraites-d%C3%A9sert\/wp-content\/uploads\/Delphine-cascade-450x600-1.jpg?resize=300%2C400&amp;ssl=1 300w\" sizes=\"auto, (max-width: 450px) 100vw, 450px\" \/><\/figure><div class=\"wp-block-media-text__content\">\n<h3 class=\"wp-block-heading has-text-align-center has-accent-1-color has-text-color\"><span class=\"tadv-color\" style=\"color:#e86202\">Soins \u00e9nerg\u00e9tiques<\/span><\/h3>\n\n\n\n<div style=\"height:5px\" aria-hidden=\"true\" class=\"wp-block-spacer\"><\/div>\n\n\n\n<hr class=\"wp-block-separator has-text-color has-accent-1-color has-alpha-channel-opacity has-accent-1-background-color has-background is-style-default\"\/>\n\n\n\n<div style=\"height:5px\" aria-hidden=\"true\" class=\"wp-block-spacer\"><\/div>\n\n\n\n<p>Retrouver vitalit\u00e9, clart\u00e9 et r\u00e9\u00e9quilibrer les \u00e9nergies int\u00e9rieures<\/p>\n<\/div><\/div>\n\n\n\n<div style=\"height:10px\" aria-hidden=\"true\" class=\"wp-block-spacer\"><\/div>\n<\/div>\n<\/div>\n\n\n\n<div style=\"height:10px\" aria-hidden=\"true\" class=\"wp-block-spacer\"><\/div>\n\n\n\n<div class=\"wp-block-columns is-layout-flex wp-container-core-columns-is-layout-28f84493 wp-block-columns-is-layout-flex\">\n<div class=\"wp-block-column is-layout-flow wp-block-column-is-layout-flow\">\n<div class=\"wp-block-media-text alignwide has-media-on-the-right is-stacked-on-mobile is-vertically-aligned-top\"><div class=\"wp-block-media-text__content\">\n<h3 class=\"wp-block-heading has-text-align-center has-accent-1-color has-text-color\"><span style=\"color:#e86202\" class=\"tadv-color\">Art-th\u00e9rapie<\/span><\/h3>\n\n\n\n<div style=\"height:5px\" aria-hidden=\"true\" class=\"wp-block-spacer\"><\/div>\n\n\n\n<hr class=\"wp-block-separator has-text-color has-accent-1-color has-alpha-channel-opacity has-accent-1-background-color has-background\"\/>\n\n\n\n<div style=\"height:5px\" aria-hidden=\"true\" class=\"wp-block-spacer\"><\/div>\n\n\n\n<p>Utiliser la cr\u00e9ativit\u00e9 pour s&rsquo;exprimer,  lib\u00e9rer les \u00e9motions et mat\u00e9rialiser ses souhaits, projets et r\u00eaves<\/p>\n<\/div><figure class=\"wp-block-media-text__media\"><img data-recalc-dims=\"1\" loading=\"lazy\" decoding=\"async\" width=\"450\" height=\"600\" src=\"https:\/\/i0.wp.com\/racinesdudesert.com\/stages-retraites-d%C3%A9sert\/wp-content\/uploads\/Art-therapie-450x600-1.jpg?resize=450%2C600&#038;ssl=1\" alt=\"\" class=\"wp-image-6382 size-full\" srcset=\"https:\/\/i0.wp.com\/racinesdudesert.com\/stages-retraites-d%C3%A9sert\/wp-content\/uploads\/Art-therapie-450x600-1.jpg?w=450&amp;ssl=1 450w, https:\/\/i0.wp.com\/racinesdudesert.com\/stages-retraites-d%C3%A9sert\/wp-content\/uploads\/Art-therapie-450x600-1.jpg?resize=300%2C400&amp;ssl=1 300w\" sizes=\"auto, (max-width: 450px) 100vw, 450px\" \/><\/figure><\/div>\n\n\n\n<div style=\"height:10px\" aria-hidden=\"true\" class=\"wp-block-spacer\"><\/div>\n<\/div>\n\n\n\n<div class=\"wp-block-column is-layout-flow wp-block-column-is-layout-flow\">\n<div class=\"wp-block-media-text alignwide has-media-on-the-right is-stacked-on-mobile is-vertically-aligned-top\"><div class=\"wp-block-media-text__content\">\n<h3 class=\"wp-block-heading has-text-align-center has-accent-1-color has-text-color\"><span class=\"tadv-color\" style=\"color:#e86202\">Marches silencieuses<\/span><\/h3>\n\n\n\n<div style=\"height:5px\" aria-hidden=\"true\" class=\"wp-block-spacer\"><\/div>\n\n\n\n<hr class=\"wp-block-separator has-text-color has-accent-1-color has-alpha-channel-opacity has-accent-1-background-color has-background is-style-default\"\/>\n\n\n\n<div style=\"height:5px\" aria-hidden=\"true\" class=\"wp-block-spacer\"><\/div>\n\n\n\n<p>Retrouver son rythme naturel dans l&rsquo;immensit\u00e9 de l&rsquo;Atlas <\/p>\n<\/div><figure class=\"wp-block-media-text__media\"><img data-recalc-dims=\"1\" loading=\"lazy\" decoding=\"async\" width=\"448\" height=\"598\" src=\"https:\/\/i0.wp.com\/racinesdudesert.com\/stages-retraites-d%C3%A9sert\/wp-content\/uploads\/Marche-montagne-450x600-1.jpeg?resize=448%2C598&#038;ssl=1\" alt=\"\" class=\"wp-image-6369 size-full\" srcset=\"https:\/\/i0.wp.com\/racinesdudesert.com\/stages-retraites-d%C3%A9sert\/wp-content\/uploads\/Marche-montagne-450x600-1.jpeg?w=448&amp;ssl=1 448w, https:\/\/i0.wp.com\/racinesdudesert.com\/stages-retraites-d%C3%A9sert\/wp-content\/uploads\/Marche-montagne-450x600-1.jpeg?resize=300%2C400&amp;ssl=1 300w\" sizes=\"auto, (max-width: 448px) 100vw, 448px\" \/><\/figure><\/div>\n\n\n\n<div style=\"height:10px\" aria-hidden=\"true\" class=\"wp-block-spacer\"><\/div>\n<\/div>\n<\/div>\n\n\n\n<div style=\"height:50px\" aria-hidden=\"true\" class=\"wp-block-spacer\"><\/div>\n\n\n\n<figure class=\"wp-block-image aligncenter size-full\"><img data-recalc-dims=\"1\" loading=\"lazy\" decoding=\"async\" width=\"100\" height=\"100\" src=\"https:\/\/i0.wp.com\/racinesdudesert.com\/stages-retraites-d%C3%A9sert\/wp-content\/uploads\/Symbole-berbere-100x100-1.jpg?resize=100%2C100&#038;ssl=1\" alt=\"\" class=\"wp-image-6372\"\/><\/figure>\n\n\n\n<div style=\"height:30px\" aria-hidden=\"true\" class=\"wp-block-spacer\"><\/div>\n\n\n\n<h2 class=\"wp-block-heading\">Delphine vous accompagne pendant Le Chemin de l&rsquo;\u00c2me et animera toutes les pratiques<\/h2>\n\n\n\n<p class=\"has-text-align-center\">Retrouve Delphine sur <a href=\"https:\/\/www.instagram.com\/delphine.revons.del\/\" target=\"_blank\" rel=\"noreferrer noopener\">Instagram <\/a><\/p>\n\n\n\n<div class=\"wp-block-group is-layout-constrained wp-block-group-is-layout-constrained\">\n<div style=\"height:30px\" aria-hidden=\"true\" class=\"wp-block-spacer\"><\/div>\n\n\n\n<div class=\"wp-block-cover\"><img data-recalc-dims=\"1\" loading=\"lazy\" decoding=\"async\" width=\"1018\" height=\"679\" class=\"wp-block-cover__image-background wp-image-6302 size-full\" alt=\"\" src=\"https:\/\/i0.wp.com\/racinesdudesert.com\/stages-retraites-d%C3%A9sert\/wp-content\/uploads\/Delphine-F-1018x679-1.jpeg?resize=1018%2C679&#038;ssl=1\" data-object-fit=\"cover\" srcset=\"https:\/\/i0.wp.com\/racinesdudesert.com\/stages-retraites-d%C3%A9sert\/wp-content\/uploads\/Delphine-F-1018x679-1.jpeg?w=1018&amp;ssl=1 1018w, https:\/\/i0.wp.com\/racinesdudesert.com\/stages-retraites-d%C3%A9sert\/wp-content\/uploads\/Delphine-F-1018x679-1.jpeg?resize=768%2C512&amp;ssl=1 768w, https:\/\/i0.wp.com\/racinesdudesert.com\/stages-retraites-d%C3%A9sert\/wp-content\/uploads\/Delphine-F-1018x679-1.jpeg?resize=500%2C333&amp;ssl=1 500w\" sizes=\"auto, (max-width: 1000px) 100vw, 1000px\" \/><span aria-hidden=\"true\" class=\"wp-block-cover__background has-background-dim-30 has-background-dim\" style=\"background-color:#7c5843\"><\/span><div class=\"wp-block-cover__inner-container is-layout-flow wp-block-cover-is-layout-flow\">\n<p class=\"has-text-align-center has-large-font-size\"><a href=\"https:\/\/racinesdudesert.com\/stages-retraites-d%C3%A9sert\/delphine-f\/\" target=\"_blank\" rel=\"noreferrer noopener\">Faire un peu plus connaissance avec Delphine<\/a><\/p>\n<\/div><\/div>\n<\/div>\n\n\n\n<div style=\"height:50px\" aria-hidden=\"true\" class=\"wp-block-spacer\"><\/div>\n\n\n\n<figure class=\"wp-block-image aligncenter size-full\"><img data-recalc-dims=\"1\" loading=\"lazy\" decoding=\"async\" width=\"100\" height=\"100\" src=\"https:\/\/i0.wp.com\/racinesdudesert.com\/stages-retraites-d%C3%A9sert\/wp-content\/uploads\/Symbole-berbere-100x100-1.jpg?resize=100%2C100&#038;ssl=1\" alt=\"\" class=\"wp-image-6372\" style=\"aspect-ratio:1;object-fit:cover\"\/><\/figure>\n\n\n\n<div style=\"height:30px\" aria-hidden=\"true\" class=\"wp-block-spacer\"><\/div>\n\n\n\n<h2 class=\"wp-block-heading has-text-align-center\">Tarif<\/h2>\n\n\n\n<div class=\"wp-block-columns is-layout-flex wp-container-core-columns-is-layout-28f84493 wp-block-columns-is-layout-flex\">\n<div class=\"wp-block-column is-layout-flow wp-block-column-is-layout-flow\" style=\"flex-basis:100%\">\n<p class=\"has-text-align-center has-large-font-size\">6 jours &#8211; 5 nuits : 820\u20ac<\/p>\n<\/div>\n<\/div>\n\n\n\n<div class=\"wp-block-columns is-layout-flex wp-container-core-columns-is-layout-28f84493 wp-block-columns-is-layout-flex\">\n<div class=\"wp-block-column is-layout-flow wp-block-column-is-layout-flow\">\n<p>Le tarif comprend<\/p>\n\n\n\n<ul class=\"wp-block-list\">\n<li>Les trajets en v\u00e9hicule priv\u00e9<\/li>\n\n\n\n<li>La pension compl\u00e8te pendant tout le s\u00e9jour (depuis J1 midi jusqu\u2019\u00e0 J6 petit d\u00e9jeuner)<\/li>\n\n\n\n<li>Les 4 nuits en gites en chambre partag\u00e9e<\/li>\n\n\n\n<li>1 nuit \u00e0 l\u2019Ecolodge en chambre partag\u00e9e<\/li>\n\n\n\n<li>L\u2019excursion en montagne<\/li>\n\n\n\n<li>L\u2019accompagnement par Racines du D\u00e9sert<\/li>\n\n\n\n<li>L&rsquo;animation des ateliers par Delphine<\/li>\n<\/ul>\n<\/div>\n\n\n\n<div class=\"wp-block-column is-layout-flow wp-block-column-is-layout-flow\">\n<p>Non compris dans le tarif <\/p>\n\n\n\n<ul class=\"wp-block-list\">\n<li>Les pourboires d\u2019usage au Maroc<\/li>\n\n\n\n<li>L\u2019assurance sant\u00e9\/rapatriement<\/li>\n\n\n\n<li>Les nuit\u00e9es \u00e9ventuelles \u00e0 Marrakech<\/li>\n<\/ul>\n<\/div>\n<\/div>\n\n\n\n<div style=\"height:50px\" aria-hidden=\"true\" class=\"wp-block-spacer\"><\/div>\n\n\n\n<figure class=\"wp-block-image aligncenter size-full\"><img data-recalc-dims=\"1\" loading=\"lazy\" decoding=\"async\" width=\"100\" height=\"100\" src=\"https:\/\/i0.wp.com\/racinesdudesert.com\/stages-retraites-d%C3%A9sert\/wp-content\/uploads\/Symbole-berbere-100x100-1.jpg?resize=100%2C100&#038;ssl=1\" alt=\"\" class=\"wp-image-6372\" style=\"aspect-ratio:1;object-fit:cover\"\/><\/figure>\n\n\n\n<div style=\"height:30px\" aria-hidden=\"true\" class=\"wp-block-spacer\"><\/div>\n\n\n\n<h2 class=\"wp-block-heading has-text-align-center\">Inscription au Chemin de l&rsquo;\u00c2me<\/h2>\n\n\n\n<p><\/p>\n\n\n\n<div class=\"wp-block-columns is-layout-flex wp-container-core-columns-is-layout-28f84493 wp-block-columns-is-layout-flex\">\n<div class=\"wp-block-column is-layout-flow wp-block-column-is-layout-flow\">\n<div class=\"wp-block-media-text is-stacked-on-mobile\"><figure class=\"wp-block-media-text__media\"><img data-recalc-dims=\"1\" loading=\"lazy\" decoding=\"async\" width=\"450\" height=\"600\" src=\"https:\/\/i0.wp.com\/racinesdudesert.com\/stages-retraites-d%C3%A9sert\/wp-content\/uploads\/Atlas-La-Vallee-dIkiss-450x600-1.jpg?resize=450%2C600&#038;ssl=1\" alt=\"\" class=\"wp-image-6381 size-full\" srcset=\"https:\/\/i0.wp.com\/racinesdudesert.com\/stages-retraites-d%C3%A9sert\/wp-content\/uploads\/Atlas-La-Vallee-dIkiss-450x600-1.jpg?w=450&amp;ssl=1 450w, https:\/\/i0.wp.com\/racinesdudesert.com\/stages-retraites-d%C3%A9sert\/wp-content\/uploads\/Atlas-La-Vallee-dIkiss-450x600-1.jpg?resize=300%2C400&amp;ssl=1 300w\" sizes=\"auto, (max-width: 450px) 100vw, 450px\" \/><\/figure><div class=\"wp-block-media-text__content\">\n<div style=\"height:10px\" aria-hidden=\"true\" class=\"wp-block-spacer\"><\/div>\n\n\n\n<h2 class=\"wp-block-heading\">R\u00e9servation<\/h2>\n\n\n\n<p>Lancez-vous dans l&rsquo;aventure et r\u00e9servez votre place d\u00e8s maintenant pour Le Chemin de l&rsquo;\u00c2me<\/p>\n\n\n\n<div style=\"height:10px\" aria-hidden=\"true\" class=\"wp-block-spacer\"><\/div>\n\n\n\n<div class=\"wp-block-buttons alignfull is-horizontal is-content-justification-center is-layout-flex wp-container-core-buttons-is-layout-d072e305 wp-block-buttons-is-layout-flex\">\n<div class=\"wp-block-button is-style-fill\"><a class=\"wp-block-button__link has-white-color has-accent-1-background-color has-text-color has-background has-text-align-center wp-element-button\" href=\"https:\/\/racinesdudesert.com\/inscription-stage-retraite\/\" target=\"_blank\" rel=\"noreferrer noopener\">je m&rsquo;inscris<\/a><\/div>\n<\/div>\n\n\n\n<div style=\"height:10px\" aria-hidden=\"true\" class=\"wp-block-spacer\"><\/div>\n\n\n\n<h2 class=\"wp-block-heading\">R\u00e8glement<\/h2>\n\n\n\n<ul class=\"wp-block-list\">\n<li>Acompte de 190\u20ac \u00e0 l&rsquo;inscription par CB en ligne (frais 4%)<\/li>\n\n\n\n<li>Virement 170\u20ac \u00e0 Delphine<\/li>\n\n\n\n<li>Solde : 460\u20ac en esp\u00e8ces au d\u00e9part du trek<\/li>\n<\/ul>\n\n\n\n<div style=\"height:10px\" aria-hidden=\"true\" class=\"wp-block-spacer\"><\/div>\n<\/div><\/div>\n<\/div>\n<\/div>\n\n\n\n<div style=\"height:50px\" aria-hidden=\"true\" class=\"wp-block-spacer\"><\/div>\n\n\n\n<figure class=\"wp-block-image aligncenter size-full\"><img data-recalc-dims=\"1\" loading=\"lazy\" decoding=\"async\" width=\"100\" height=\"100\" src=\"https:\/\/i0.wp.com\/racinesdudesert.com\/stages-retraites-d%C3%A9sert\/wp-content\/uploads\/Symbole-berbere-100x100-1.jpg?resize=100%2C100&#038;ssl=1\" alt=\"\" class=\"wp-image-6372\"\/><\/figure>\n\n\n\n<div style=\"height:30px\" aria-hidden=\"true\" class=\"wp-block-spacer\"><\/div>\n\n\n\n<h2 class=\"wp-block-heading has-text-align-center\">D\u00e9tails pratiques<\/h2>\n\n\n\n<div class=\"wp-block-columns is-layout-flex wp-container-core-columns-is-layout-28f84493 wp-block-columns-is-layout-flex\">\n<div class=\"wp-block-column is-layout-flow wp-block-column-is-layout-flow\">\n<ul class=\"wp-block-list\">\n<li>6 jours \/ 5 nuits<\/li>\n\n\n\n<li>5 \u00e0 8 participants<\/li>\n\n\n\n<li>Vous recevrez avant le d\u00e9part une liste de mat\u00e9riel conseill\u00e9 pour le trek<\/li>\n<\/ul>\n<\/div>\n<\/div>\n\n\n\n<p><\/p>\n\n\n\n<figure class=\"wp-block-image aligncenter size-full\"><img data-recalc-dims=\"1\" loading=\"lazy\" decoding=\"async\" width=\"1200\" height=\"50\" src=\"https:\/\/i0.wp.com\/racinesdudesert.com\/stages-retraites-d%C3%A9sert\/wp-content\/uploads\/Frise-1200x50-1.jpg?resize=1200%2C50&#038;ssl=1\" alt=\"\" class=\"wp-image-6375\" srcset=\"https:\/\/i0.wp.com\/racinesdudesert.com\/stages-retraites-d%C3%A9sert\/wp-content\/uploads\/Frise-1200x50-1.jpg?w=1200&amp;ssl=1 1200w, https:\/\/i0.wp.com\/racinesdudesert.com\/stages-retraites-d%C3%A9sert\/wp-content\/uploads\/Frise-1200x50-1.jpg?resize=1024%2C43&amp;ssl=1 1024w, https:\/\/i0.wp.com\/racinesdudesert.com\/stages-retraites-d%C3%A9sert\/wp-content\/uploads\/Frise-1200x50-1.jpg?resize=768%2C32&amp;ssl=1 768w, https:\/\/i0.wp.com\/racinesdudesert.com\/stages-retraites-d%C3%A9sert\/wp-content\/uploads\/Frise-1200x50-1.jpg?resize=500%2C21&amp;ssl=1 500w\" sizes=\"auto, (max-width: 1000px) 100vw, 1000px\" \/><\/figure>\n","protected":false},"excerpt":{"rendered":"<p>15 au 20 juin 2026<\/p>\n<p>Une immersion dans un environnement nouveau : un trek au c\u0153ur d\u2019une vall\u00e9e secr\u00e8te de l\u2019Atlas, pour cheminer vers soi-m\u00eame, guid\u00e9s par les Nomades et les Berb\u00e8res, et port\u00e9s par la cr\u00e9ativit\u00e9 de Delphine.<\/p>\n<p>avec Delphine F<\/p>\n<p>Tarif : 820\u20ac<\/p>\n","protected":false},"author":1,"featured_media":6318,"comment_status":"closed","ping_status":"closed","sticky":false,"template":"","format":"standard","meta":{"site-sidebar-layout":"default","site-content-layout":"","ast-site-content-layout":"default","site-content-style":"default","site-sidebar-style":"default","ast-global-header-display":"","ast-banner-title-visibility":"","ast-main-header-display":"","ast-hfb-above-header-display":"","ast-hfb-below-header-display":"","ast-hfb-mobile-header-display":"","site-post-title":"","ast-breadcrumbs-content":"","ast-featured-img":"","footer-sml-layout":"","ast-disable-related-posts":"","theme-transparent-header-meta":"","adv-header-id-meta":"","stick-header-meta":"","header-above-stick-meta":"","header-main-stick-meta":"","header-below-stick-meta":"","astra-migrate-meta-layouts":"default","ast-page-background-enabled":"default","ast-page-background-meta":{"desktop":{"background-color":"var(--ast-global-color-5)","background-image":"","background-repeat":"repeat","background-position":"center center","background-size":"auto","background-attachment":"scroll","background-type":"","background-media":"","overlay-type":"","overlay-color":"","overlay-opacity":"","overlay-gradient":""},"tablet":{"background-color":"","background-image":"","background-repeat":"repeat","background-position":"center center","background-size":"auto","background-attachment":"scroll","background-type":"","background-media":"","overlay-type":"","overlay-color":"","overlay-opacity":"","overlay-gradient":""},"mobile":{"background-color":"","background-image":"","background-repeat":"repeat","background-position":"center center","background-size":"auto","background-attachment":"scroll","background-type":"","background-media":"","overlay-type":"","overlay-color":"","overlay-opacity":"","overlay-gradient":""}},"ast-content-background-meta":{"desktop":{"background-color":"var(--ast-global-color-4)","background-image":"","background-repeat":"repeat","background-position":"center center","background-size":"auto","background-attachment":"scroll","background-type":"","background-media":"","overlay-type":"","overlay-color":"","overlay-opacity":"","overlay-gradient":""},"tablet":{"background-color":"var(--ast-global-color-4)","background-image":"","background-repeat":"repeat","background-position":"center center","background-size":"auto","background-attachment":"scroll","background-type":"","background-media":"","overlay-type":"","overlay-color":"","overlay-opacity":"","overlay-gradient":""},"mobile":{"background-color":"var(--ast-global-color-4)","background-image":"","background-repeat":"repeat","background-position":"center center","background-size":"auto","background-attachment":"scroll","background-type":"","background-media":"","overlay-type":"","overlay-color":"","overlay-opacity":"","overlay-gradient":""}},"_jetpack_memberships_contains_paid_content":false,"footnotes":""},"categories":[3,49,57],"tags":[36,105,25,11,37],"class_list":["post-6346","post","type-post","status-publish","format-standard","has-post-thumbnail","hentry","category-stages-et-retraites-dans-le-desert","category-stages-2024-2025-stages-et-retraites-dans-le-desert","category-printemps-2026","tag-art-therapie","tag-developpement-personnel","tag-ecriture","tag-meditation","tag-pratiques-energetiques"],"yoast_head":"<!-- This site is optimized with the Yoast SEO plugin v27.4 - https:\/\/yoast.com\/product\/yoast-seo-wordpress\/ -->\n<title>Le Chemin de l&#039;\u00c2me -<\/title>\n<meta name=\"description\" content=\"Immersion dans une vall\u00e9e secr\u00e8te de l\u2019Atlas : un chemin vers soi-m\u00eame, guid\u00e9s par Nomades et Berb\u00e8res, port\u00e9s par la cr\u00e9ativit\u00e9 de Delphine.\" \/>\n<meta name=\"robots\" content=\"index, follow, max-snippet:-1, max-image-preview:large, max-video-preview:-1\" \/>\n<link rel=\"canonical\" href=\"https:\/\/racinesdudesert.com\/stages-retraites-d\u00e9sert\/le-chemin-de-lame\/\" \/>\n<meta property=\"og:locale\" content=\"fr_FR\" \/>\n<meta property=\"og:type\" content=\"article\" \/>\n<meta property=\"og:title\" content=\"Le Chemin de l&#039;\u00c2me\" \/>\n<meta property=\"og:description\" content=\"Immersion dans une vall\u00e9e secr\u00e8te de l\u2019Atlas : un chemin vers soi-m\u00eame, guid\u00e9s par Nomades et Berb\u00e8res, port\u00e9s par la cr\u00e9ativit\u00e9 de Delphine.\" \/>\n<meta property=\"og:url\" content=\"https:\/\/racinesdudesert.com\/stages-retraites-d\u00e9sert\/le-chemin-de-lame\/\" \/>\n<meta property=\"article:publisher\" content=\"https:\/\/www.facebook.com\/people\/Racines-du-Dsert\/100064091077976\/\" \/>\n<meta property=\"article:published_time\" content=\"2026-01-21T11:24:28+00:00\" \/>\n<meta property=\"article:modified_time\" content=\"2026-04-24T15:07:56+00:00\" \/>\n<meta property=\"og:image\" content=\"https:\/\/racinesdudesert.com\/stages-retraites-d%C3%A9sert\/wp-content\/uploads\/Vallee-du-gite-des-tulipes-350x350-1.jpeg\" \/>\n\t<meta property=\"og:image:width\" content=\"350\" \/>\n\t<meta property=\"og:image:height\" content=\"350\" \/>\n\t<meta property=\"og:image:type\" content=\"image\/jpeg\" \/>\n<meta name=\"author\" content=\"racinesdudesert@gmail.com\" \/>\n<meta name=\"twitter:card\" content=\"summary_large_image\" \/>\n<meta name=\"twitter:title\" content=\"Le Chemin de l&#039;\u00c2me\" \/>\n<meta name=\"twitter:description\" content=\"Immersion dans une vall\u00e9e secr\u00e8te de l\u2019Atlas : un chemin vers soi-m\u00eame, guid\u00e9s par Nomades et Berb\u00e8res, port\u00e9s par la cr\u00e9ativit\u00e9 de Delphine.\" \/>\n<meta name=\"twitter:image\" content=\"https:\/\/i0.wp.com\/racinesdudesert.com\/stages-retraites-d%C3%A9sert\/wp-content\/uploads\/Marche-silencieuse-Atlas-450x450-1.jpeg?fit=450%2C450&ssl=1\" \/>\n<meta name=\"twitter:label1\" content=\"\u00c9crit par\" \/>\n\t<meta name=\"twitter:data1\" content=\"racinesdudesert@gmail.com\" \/>\n\t<meta name=\"twitter:label2\" content=\"Dur\u00e9e de lecture estim\u00e9e\" \/>\n\t<meta name=\"twitter:data2\" content=\"6 minutes\" \/>\n<script type=\"application\/ld+json\" class=\"yoast-schema-graph\">{\"@context\":\"https:\\\/\\\/schema.org\",\"@graph\":[{\"@type\":\"Article\",\"@id\":\"https:\\\/\\\/racinesdudesert.com\\\/stages-retraites-d%C3%A9sert\\\/le-chemin-de-lame\\\/#article\",\"isPartOf\":{\"@id\":\"https:\\\/\\\/racinesdudesert.com\\\/stages-retraites-d%C3%A9sert\\\/le-chemin-de-lame\\\/\"},\"author\":{\"name\":\"racinesdudesert@gmail.com\",\"@id\":\"https:\\\/\\\/racinesdudesert.com\\\/stages-retraites-d%C3%A9sert\\\/#\\\/schema\\\/person\\\/b7b3e1aed06c55fe19975d819116e852\"},\"headline\":\"Le Chemin de l&rsquo;\u00c2me\",\"datePublished\":\"2026-01-21T11:24:28+00:00\",\"dateModified\":\"2026-04-24T15:07:56+00:00\",\"mainEntityOfPage\":{\"@id\":\"https:\\\/\\\/racinesdudesert.com\\\/stages-retraites-d%C3%A9sert\\\/le-chemin-de-lame\\\/\"},\"wordCount\":518,\"publisher\":{\"@id\":\"https:\\\/\\\/racinesdudesert.com\\\/stages-retraites-d%C3%A9sert\\\/#organization\"},\"image\":{\"@id\":\"https:\\\/\\\/racinesdudesert.com\\\/stages-retraites-d%C3%A9sert\\\/le-chemin-de-lame\\\/#primaryimage\"},\"thumbnailUrl\":\"https:\\\/\\\/i0.wp.com\\\/racinesdudesert.com\\\/stages-retraites-d%C3%A9sert\\\/wp-content\\\/uploads\\\/Vallee-du-gite-des-tulipes-600x400-1.jpeg?fit=600%2C400&ssl=1\",\"keywords\":[\"art-th\u00e9rapie\",\"d\u00e9veloppement personnel\",\"\u00e9criture\",\"m\u00e9ditation\",\"pratiques \u00e9nerg\u00e9tiques\"],\"articleSection\":[\"Stages et retraites\",\"Stages 2025 - 2026\",\"Printemps 2026\"],\"inLanguage\":\"fr-FR\"},{\"@type\":\"WebPage\",\"@id\":\"https:\\\/\\\/racinesdudesert.com\\\/stages-retraites-d%C3%A9sert\\\/le-chemin-de-lame\\\/\",\"url\":\"https:\\\/\\\/racinesdudesert.com\\\/stages-retraites-d%C3%A9sert\\\/le-chemin-de-lame\\\/\",\"name\":\"Le Chemin de l'\u00c2me -\",\"isPartOf\":{\"@id\":\"https:\\\/\\\/racinesdudesert.com\\\/stages-retraites-d%C3%A9sert\\\/#website\"},\"primaryImageOfPage\":{\"@id\":\"https:\\\/\\\/racinesdudesert.com\\\/stages-retraites-d%C3%A9sert\\\/le-chemin-de-lame\\\/#primaryimage\"},\"image\":{\"@id\":\"https:\\\/\\\/racinesdudesert.com\\\/stages-retraites-d%C3%A9sert\\\/le-chemin-de-lame\\\/#primaryimage\"},\"thumbnailUrl\":\"https:\\\/\\\/i0.wp.com\\\/racinesdudesert.com\\\/stages-retraites-d%C3%A9sert\\\/wp-content\\\/uploads\\\/Vallee-du-gite-des-tulipes-600x400-1.jpeg?fit=600%2C400&ssl=1\",\"datePublished\":\"2026-01-21T11:24:28+00:00\",\"dateModified\":\"2026-04-24T15:07:56+00:00\",\"description\":\"Immersion dans une vall\u00e9e secr\u00e8te de l\u2019Atlas : un chemin vers soi-m\u00eame, guid\u00e9s par Nomades et Berb\u00e8res, port\u00e9s par la cr\u00e9ativit\u00e9 de Delphine.\",\"breadcrumb\":{\"@id\":\"https:\\\/\\\/racinesdudesert.com\\\/stages-retraites-d%C3%A9sert\\\/le-chemin-de-lame\\\/#breadcrumb\"},\"inLanguage\":\"fr-FR\",\"potentialAction\":[{\"@type\":\"ReadAction\",\"target\":[\"https:\\\/\\\/racinesdudesert.com\\\/stages-retraites-d%C3%A9sert\\\/le-chemin-de-lame\\\/\"]}]},{\"@type\":\"ImageObject\",\"inLanguage\":\"fr-FR\",\"@id\":\"https:\\\/\\\/racinesdudesert.com\\\/stages-retraites-d%C3%A9sert\\\/le-chemin-de-lame\\\/#primaryimage\",\"url\":\"https:\\\/\\\/i0.wp.com\\\/racinesdudesert.com\\\/stages-retraites-d%C3%A9sert\\\/wp-content\\\/uploads\\\/Vallee-du-gite-des-tulipes-600x400-1.jpeg?fit=600%2C400&ssl=1\",\"contentUrl\":\"https:\\\/\\\/i0.wp.com\\\/racinesdudesert.com\\\/stages-retraites-d%C3%A9sert\\\/wp-content\\\/uploads\\\/Vallee-du-gite-des-tulipes-600x400-1.jpeg?fit=600%2C400&ssl=1\",\"width\":600,\"height\":400},{\"@type\":\"BreadcrumbList\",\"@id\":\"https:\\\/\\\/racinesdudesert.com\\\/stages-retraites-d%C3%A9sert\\\/le-chemin-de-lame\\\/#breadcrumb\",\"itemListElement\":[{\"@type\":\"ListItem\",\"position\":1,\"name\":\"Accueil\",\"item\":\"https:\\\/\\\/racinesdudesert.com\\\/stages-retraites-d%C3%A9sert\\\/\"},{\"@type\":\"ListItem\",\"position\":2,\"name\":\"Le Chemin de l&rsquo;\u00c2me\"}]},{\"@type\":\"WebSite\",\"@id\":\"https:\\\/\\\/racinesdudesert.com\\\/stages-retraites-d%C3%A9sert\\\/#website\",\"url\":\"https:\\\/\\\/racinesdudesert.com\\\/stages-retraites-d%C3%A9sert\\\/\",\"name\":\"\",\"description\":\"Organisation de retraites dans le d\u00e9sert\",\"publisher\":{\"@id\":\"https:\\\/\\\/racinesdudesert.com\\\/stages-retraites-d%C3%A9sert\\\/#organization\"},\"potentialAction\":[{\"@type\":\"SearchAction\",\"target\":{\"@type\":\"EntryPoint\",\"urlTemplate\":\"https:\\\/\\\/racinesdudesert.com\\\/stages-retraites-d%C3%A9sert\\\/?s={search_term_string}\"},\"query-input\":{\"@type\":\"PropertyValueSpecification\",\"valueRequired\":true,\"valueName\":\"search_term_string\"}}],\"inLanguage\":\"fr-FR\"},{\"@type\":\"Organization\",\"@id\":\"https:\\\/\\\/racinesdudesert.com\\\/stages-retraites-d%C3%A9sert\\\/#organization\",\"name\":\"Racines du D\u00e9sert\",\"alternateName\":\"Les Racines du D\u00e9sert\",\"url\":\"https:\\\/\\\/racinesdudesert.com\\\/stages-retraites-d%C3%A9sert\\\/\",\"logo\":{\"@type\":\"ImageObject\",\"inLanguage\":\"fr-FR\",\"@id\":\"https:\\\/\\\/racinesdudesert.com\\\/stages-retraites-d%C3%A9sert\\\/#\\\/schema\\\/logo\\\/image\\\/\",\"url\":\"https:\\\/\\\/i0.wp.com\\\/racinesdudesert.com\\\/stages-retraites-d%C3%A9sert\\\/wp-content\\\/uploads\\\/cropped-a-imprimer.png?fit=793%2C353&ssl=1\",\"contentUrl\":\"https:\\\/\\\/i0.wp.com\\\/racinesdudesert.com\\\/stages-retraites-d%C3%A9sert\\\/wp-content\\\/uploads\\\/cropped-a-imprimer.png?fit=793%2C353&ssl=1\",\"width\":793,\"height\":353,\"caption\":\"Racines du D\u00e9sert\"},\"image\":{\"@id\":\"https:\\\/\\\/racinesdudesert.com\\\/stages-retraites-d%C3%A9sert\\\/#\\\/schema\\\/logo\\\/image\\\/\"},\"sameAs\":[\"https:\\\/\\\/www.facebook.com\\\/people\\\/Racines-du-Dsert\\\/100064091077976\\\/\",\"https:\\\/\\\/www.instagram.com\\\/racines_du_desert\\\/\"]},{\"@type\":\"Person\",\"@id\":\"https:\\\/\\\/racinesdudesert.com\\\/stages-retraites-d%C3%A9sert\\\/#\\\/schema\\\/person\\\/b7b3e1aed06c55fe19975d819116e852\",\"name\":\"racinesdudesert@gmail.com\",\"image\":{\"@type\":\"ImageObject\",\"inLanguage\":\"fr-FR\",\"@id\":\"https:\\\/\\\/secure.gravatar.com\\\/avatar\\\/575fd2bc1c02ea3d33fd07d8cf0409592824cab3fc8c40bb4728314dd4039a2a?s=96&d=mm&r=g\",\"url\":\"https:\\\/\\\/secure.gravatar.com\\\/avatar\\\/575fd2bc1c02ea3d33fd07d8cf0409592824cab3fc8c40bb4728314dd4039a2a?s=96&d=mm&r=g\",\"contentUrl\":\"https:\\\/\\\/secure.gravatar.com\\\/avatar\\\/575fd2bc1c02ea3d33fd07d8cf0409592824cab3fc8c40bb4728314dd4039a2a?s=96&d=mm&r=g\",\"caption\":\"racinesdudesert@gmail.com\"},\"sameAs\":[\"https:\\\/\\\/racinesdudesert.com\\\/stages-retraites-d%C3%A9sert\"],\"url\":\"https:\\\/\\\/racinesdudesert.com\\\/stages-retraites-d%C3%A9sert\\\/author\\\/racinesdudesertgmail-com\\\/\"}]}<\/script>\n<!-- \/ Yoast SEO plugin. -->","yoast_head_json":{"title":"Le Chemin de l'\u00c2me -","description":"Immersion dans une vall\u00e9e secr\u00e8te de l\u2019Atlas : un chemin vers soi-m\u00eame, guid\u00e9s par Nomades et Berb\u00e8res, port\u00e9s par la cr\u00e9ativit\u00e9 de Delphine.","robots":{"index":"index","follow":"follow","max-snippet":"max-snippet:-1","max-image-preview":"max-image-preview:large","max-video-preview":"max-video-preview:-1"},"canonical":"https:\/\/racinesdudesert.com\/stages-retraites-d\u00e9sert\/le-chemin-de-lame\/","og_locale":"fr_FR","og_type":"article","og_title":"Le Chemin de l'\u00c2me","og_description":"Immersion dans une vall\u00e9e secr\u00e8te de l\u2019Atlas : un chemin vers soi-m\u00eame, guid\u00e9s par Nomades et Berb\u00e8res, port\u00e9s par la cr\u00e9ativit\u00e9 de Delphine.","og_url":"https:\/\/racinesdudesert.com\/stages-retraites-d\u00e9sert\/le-chemin-de-lame\/","article_publisher":"https:\/\/www.facebook.com\/people\/Racines-du-Dsert\/100064091077976\/","article_published_time":"2026-01-21T11:24:28+00:00","article_modified_time":"2026-04-24T15:07:56+00:00","og_image":[{"width":350,"height":350,"url":"https:\/\/racinesdudesert.com\/stages-retraites-d%C3%A9sert\/wp-content\/uploads\/Vallee-du-gite-des-tulipes-350x350-1.jpeg","type":"image\/jpeg"}],"author":"racinesdudesert@gmail.com","twitter_card":"summary_large_image","twitter_title":"Le Chemin de l'\u00c2me","twitter_description":"Immersion dans une vall\u00e9e secr\u00e8te de l\u2019Atlas : un chemin vers soi-m\u00eame, guid\u00e9s par Nomades et Berb\u00e8res, port\u00e9s par la cr\u00e9ativit\u00e9 de Delphine.","twitter_image":"https:\/\/i0.wp.com\/racinesdudesert.com\/stages-retraites-d%C3%A9sert\/wp-content\/uploads\/Marche-silencieuse-Atlas-450x450-1.jpeg?fit=450%2C450&ssl=1","twitter_misc":{"\u00c9crit par":"racinesdudesert@gmail.com","Dur\u00e9e de lecture estim\u00e9e":"6 minutes"},"schema":{"@context":"https:\/\/schema.org","@graph":[{"@type":"Article","@id":"https:\/\/racinesdudesert.com\/stages-retraites-d%C3%A9sert\/le-chemin-de-lame\/#article","isPartOf":{"@id":"https:\/\/racinesdudesert.com\/stages-retraites-d%C3%A9sert\/le-chemin-de-lame\/"},"author":{"name":"racinesdudesert@gmail.com","@id":"https:\/\/racinesdudesert.com\/stages-retraites-d%C3%A9sert\/#\/schema\/person\/b7b3e1aed06c55fe19975d819116e852"},"headline":"Le Chemin de l&rsquo;\u00c2me","datePublished":"2026-01-21T11:24:28+00:00","dateModified":"2026-04-24T15:07:56+00:00","mainEntityOfPage":{"@id":"https:\/\/racinesdudesert.com\/stages-retraites-d%C3%A9sert\/le-chemin-de-lame\/"},"wordCount":518,"publisher":{"@id":"https:\/\/racinesdudesert.com\/stages-retraites-d%C3%A9sert\/#organization"},"image":{"@id":"https:\/\/racinesdudesert.com\/stages-retraites-d%C3%A9sert\/le-chemin-de-lame\/#primaryimage"},"thumbnailUrl":"https:\/\/i0.wp.com\/racinesdudesert.com\/stages-retraites-d%C3%A9sert\/wp-content\/uploads\/Vallee-du-gite-des-tulipes-600x400-1.jpeg?fit=600%2C400&ssl=1","keywords":["art-th\u00e9rapie","d\u00e9veloppement personnel","\u00e9criture","m\u00e9ditation","pratiques \u00e9nerg\u00e9tiques"],"articleSection":["Stages et retraites","Stages 2025 - 2026","Printemps 2026"],"inLanguage":"fr-FR"},{"@type":"WebPage","@id":"https:\/\/racinesdudesert.com\/stages-retraites-d%C3%A9sert\/le-chemin-de-lame\/","url":"https:\/\/racinesdudesert.com\/stages-retraites-d%C3%A9sert\/le-chemin-de-lame\/","name":"Le Chemin de l'\u00c2me -","isPartOf":{"@id":"https:\/\/racinesdudesert.com\/stages-retraites-d%C3%A9sert\/#website"},"primaryImageOfPage":{"@id":"https:\/\/racinesdudesert.com\/stages-retraites-d%C3%A9sert\/le-chemin-de-lame\/#primaryimage"},"image":{"@id":"https:\/\/racinesdudesert.com\/stages-retraites-d%C3%A9sert\/le-chemin-de-lame\/#primaryimage"},"thumbnailUrl":"https:\/\/i0.wp.com\/racinesdudesert.com\/stages-retraites-d%C3%A9sert\/wp-content\/uploads\/Vallee-du-gite-des-tulipes-600x400-1.jpeg?fit=600%2C400&ssl=1","datePublished":"2026-01-21T11:24:28+00:00","dateModified":"2026-04-24T15:07:56+00:00","description":"Immersion dans une vall\u00e9e secr\u00e8te de l\u2019Atlas : un chemin vers soi-m\u00eame, guid\u00e9s par Nomades et Berb\u00e8res, port\u00e9s par la cr\u00e9ativit\u00e9 de Delphine.","breadcrumb":{"@id":"https:\/\/racinesdudesert.com\/stages-retraites-d%C3%A9sert\/le-chemin-de-lame\/#breadcrumb"},"inLanguage":"fr-FR","potentialAction":[{"@type":"ReadAction","target":["https:\/\/racinesdudesert.com\/stages-retraites-d%C3%A9sert\/le-chemin-de-lame\/"]}]},{"@type":"ImageObject","inLanguage":"fr-FR","@id":"https:\/\/racinesdudesert.com\/stages-retraites-d%C3%A9sert\/le-chemin-de-lame\/#primaryimage","url":"https:\/\/i0.wp.com\/racinesdudesert.com\/stages-retraites-d%C3%A9sert\/wp-content\/uploads\/Vallee-du-gite-des-tulipes-600x400-1.jpeg?fit=600%2C400&ssl=1","contentUrl":"https:\/\/i0.wp.com\/racinesdudesert.com\/stages-retraites-d%C3%A9sert\/wp-content\/uploads\/Vallee-du-gite-des-tulipes-600x400-1.jpeg?fit=600%2C400&ssl=1","width":600,"height":400},{"@type":"BreadcrumbList","@id":"https:\/\/racinesdudesert.com\/stages-retraites-d%C3%A9sert\/le-chemin-de-lame\/#breadcrumb","itemListElement":[{"@type":"ListItem","position":1,"name":"Accueil","item":"https:\/\/racinesdudesert.com\/stages-retraites-d%C3%A9sert\/"},{"@type":"ListItem","position":2,"name":"Le Chemin de l&rsquo;\u00c2me"}]},{"@type":"WebSite","@id":"https:\/\/racinesdudesert.com\/stages-retraites-d%C3%A9sert\/#website","url":"https:\/\/racinesdudesert.com\/stages-retraites-d%C3%A9sert\/","name":"","description":"Organisation de retraites dans le d\u00e9sert","publisher":{"@id":"https:\/\/racinesdudesert.com\/stages-retraites-d%C3%A9sert\/#organization"},"potentialAction":[{"@type":"SearchAction","target":{"@type":"EntryPoint","urlTemplate":"https:\/\/racinesdudesert.com\/stages-retraites-d%C3%A9sert\/?s={search_term_string}"},"query-input":{"@type":"PropertyValueSpecification","valueRequired":true,"valueName":"search_term_string"}}],"inLanguage":"fr-FR"},{"@type":"Organization","@id":"https:\/\/racinesdudesert.com\/stages-retraites-d%C3%A9sert\/#organization","name":"Racines du D\u00e9sert","alternateName":"Les Racines du D\u00e9sert","url":"https:\/\/racinesdudesert.com\/stages-retraites-d%C3%A9sert\/","logo":{"@type":"ImageObject","inLanguage":"fr-FR","@id":"https:\/\/racinesdudesert.com\/stages-retraites-d%C3%A9sert\/#\/schema\/logo\/image\/","url":"https:\/\/i0.wp.com\/racinesdudesert.com\/stages-retraites-d%C3%A9sert\/wp-content\/uploads\/cropped-a-imprimer.png?fit=793%2C353&ssl=1","contentUrl":"https:\/\/i0.wp.com\/racinesdudesert.com\/stages-retraites-d%C3%A9sert\/wp-content\/uploads\/cropped-a-imprimer.png?fit=793%2C353&ssl=1","width":793,"height":353,"caption":"Racines du D\u00e9sert"},"image":{"@id":"https:\/\/racinesdudesert.com\/stages-retraites-d%C3%A9sert\/#\/schema\/logo\/image\/"},"sameAs":["https:\/\/www.facebook.com\/people\/Racines-du-Dsert\/100064091077976\/","https:\/\/www.instagram.com\/racines_du_desert\/"]},{"@type":"Person","@id":"https:\/\/racinesdudesert.com\/stages-retraites-d%C3%A9sert\/#\/schema\/person\/b7b3e1aed06c55fe19975d819116e852","name":"racinesdudesert@gmail.com","image":{"@type":"ImageObject","inLanguage":"fr-FR","@id":"https:\/\/secure.gravatar.com\/avatar\/575fd2bc1c02ea3d33fd07d8cf0409592824cab3fc8c40bb4728314dd4039a2a?s=96&d=mm&r=g","url":"https:\/\/secure.gravatar.com\/avatar\/575fd2bc1c02ea3d33fd07d8cf0409592824cab3fc8c40bb4728314dd4039a2a?s=96&d=mm&r=g","contentUrl":"https:\/\/secure.gravatar.com\/avatar\/575fd2bc1c02ea3d33fd07d8cf0409592824cab3fc8c40bb4728314dd4039a2a?s=96&d=mm&r=g","caption":"racinesdudesert@gmail.com"},"sameAs":["https:\/\/racinesdudesert.com\/stages-retraites-d%C3%A9sert"],"url":"https:\/\/racinesdudesert.com\/stages-retraites-d%C3%A9sert\/author\/racinesdudesertgmail-com\/"}]}},"jetpack_featured_media_url":"https:\/\/i0.wp.com\/racinesdudesert.com\/stages-retraites-d%C3%A9sert\/wp-content\/uploads\/Vallee-du-gite-des-tulipes-600x400-1.jpeg?fit=600%2C400&ssl=1","jetpack_sharing_enabled":true,"_links":{"self":[{"href":"https:\/\/racinesdudesert.com\/stages-retraites-d%C3%A9sert\/wp-json\/wp\/v2\/posts\/6346","targetHints":{"allow":["GET"]}}],"collection":[{"href":"https:\/\/racinesdudesert.com\/stages-retraites-d%C3%A9sert\/wp-json\/wp\/v2\/posts"}],"about":[{"href":"https:\/\/racinesdudesert.com\/stages-retraites-d%C3%A9sert\/wp-json\/wp\/v2\/types\/post"}],"author":[{"embeddable":true,"href":"https:\/\/racinesdudesert.com\/stages-retraites-d%C3%A9sert\/wp-json\/wp\/v2\/users\/1"}],"replies":[{"embeddable":true,"href":"https:\/\/racinesdudesert.com\/stages-retraites-d%C3%A9sert\/wp-json\/wp\/v2\/comments?post=6346"}],"version-history":[{"count":48,"href":"https:\/\/racinesdudesert.com\/stages-retraites-d%C3%A9sert\/wp-json\/wp\/v2\/posts\/6346\/revisions"}],"predecessor-version":[{"id":6827,"href":"https:\/\/racinesdudesert.com\/stages-retraites-d%C3%A9sert\/wp-json\/wp\/v2\/posts\/6346\/revisions\/6827"}],"wp:featuredmedia":[{"embeddable":true,"href":"https:\/\/racinesdudesert.com\/stages-retraites-d%C3%A9sert\/wp-json\/wp\/v2\/media\/6318"}],"wp:attachment":[{"href":"https:\/\/racinesdudesert.com\/stages-retraites-d%C3%A9sert\/wp-json\/wp\/v2\/media?parent=6346"}],"wp:term":[{"taxonomy":"category","embeddable":true,"href":"https:\/\/racinesdudesert.com\/stages-retraites-d%C3%A9sert\/wp-json\/wp\/v2\/categories?post=6346"},{"taxonomy":"post_tag","embeddable":true,"href":"https:\/\/racinesdudesert.com\/stages-retraites-d%C3%A9sert\/wp-json\/wp\/v2\/tags?post=6346"}],"curies":[{"name":"wp","href":"https:\/\/api.w.org\/{rel}","templated":true}]}}