{"id":7098,"date":"2026-04-28T10:23:35","date_gmt":"2026-04-28T08:23:35","guid":{"rendered":"https:\/\/racinesdudesert.com\/stages-retraites-d%C3%A9sert\/?p=7098"},"modified":"2026-04-28T13:14:54","modified_gmt":"2026-04-28T11:14:54","slug":"celine-et-jean-rene","status":"publish","type":"post","link":"https:\/\/racinesdudesert.com\/stages-retraites-d%C3%A9sert\/celine-et-jean-rene\/","title":{"rendered":"C\u00e9line et Jean-Ren\u00e9"},"content":{"rendered":"\n<h1 class=\"wp-block-heading has-text-align-center\">C\u00e9line et Jean-Ren\u00e9<\/h1>\n\n\n\n<p>Artistes du vivant et accompagnants du c\u0153ur, C\u00e9line et Jean-Ren\u00e9, fondateurs de <a href=\"https:\/\/formations.keamusic.com\/\" target=\"_blank\" rel=\"noreferrer noopener\">KEA Music<\/a>, tissent des espaces o\u00f9 la voix devient m\u00e9decine. A l&rsquo;aide du son qui ouvre des passages, chacun est invit\u00e9 \u00e0 se rencontrer en profondeur.<\/p>\n\n\n\n<div style=\"height:20px\" aria-hidden=\"true\" class=\"wp-block-spacer\"><\/div>\n\n\n\n<figure class=\"wp-block-image aligncenter size-full\" style=\"margin-top:0;margin-right:0;margin-bottom:0;margin-left:0\"><img data-recalc-dims=\"1\" loading=\"lazy\" decoding=\"async\" width=\"1200\" height=\"675\" src=\"https:\/\/i0.wp.com\/racinesdudesert.com\/stages-retraites-d%C3%A9sert\/wp-content\/uploads\/Celine-et-Jean-Rene-tambour-et-grelots-1200x675-1.jpg?resize=1200%2C675&#038;ssl=1\" alt=\"\" class=\"wp-image-7114\" srcset=\"https:\/\/i0.wp.com\/racinesdudesert.com\/stages-retraites-d%C3%A9sert\/wp-content\/uploads\/Celine-et-Jean-Rene-tambour-et-grelots-1200x675-1.jpg?w=1200&amp;ssl=1 1200w, https:\/\/i0.wp.com\/racinesdudesert.com\/stages-retraites-d%C3%A9sert\/wp-content\/uploads\/Celine-et-Jean-Rene-tambour-et-grelots-1200x675-1.jpg?resize=1024%2C576&amp;ssl=1 1024w, https:\/\/i0.wp.com\/racinesdudesert.com\/stages-retraites-d%C3%A9sert\/wp-content\/uploads\/Celine-et-Jean-Rene-tambour-et-grelots-1200x675-1.jpg?resize=768%2C432&amp;ssl=1 768w\" sizes=\"auto, (max-width: 1000px) 100vw, 1000px\" \/><\/figure>\n\n\n\n<div style=\"height:50px\" aria-hidden=\"true\" class=\"wp-block-spacer\"><\/div>\n\n\n\n<hr class=\"wp-block-separator has-text-color has-accent-2-color has-alpha-channel-opacity has-accent-2-background-color has-background\"\/>\n\n\n\n<div class=\"wp-block-group is-layout-constrained wp-block-group-is-layout-constrained\">\n<div class=\"wp-block-columns is-layout-flex wp-container-core-columns-is-layout-28f84493 wp-block-columns-is-layout-flex\">\n<div class=\"wp-block-column is-vertically-aligned-center is-layout-flow wp-block-column-is-layout-flow\">\n<p>\u00c0 la crois\u00e9e de la sonoth\u00e9rapie, de la sophrologie et du chant intuitif, ils guident avec douceur et pr\u00e9sence celles et ceux qui ressentent l\u2019appel de se lib\u00e9rer, de s\u2019exprimer, et de retrouver leur v\u00e9rit\u00e9 int\u00e9rieure.<\/p>\n<\/div>\n\n\n\n<div class=\"wp-block-column is-layout-flow wp-block-column-is-layout-flow\">\n<figure class=\"wp-block-image aligncenter size-full\"><img data-recalc-dims=\"1\" loading=\"lazy\" decoding=\"async\" width=\"450\" height=\"600\" src=\"https:\/\/i0.wp.com\/racinesdudesert.com\/stages-retraites-d%C3%A9sert\/wp-content\/uploads\/Celine-et-Jean-Rene-regards-450x600-1.jpg?resize=450%2C600&#038;ssl=1\" alt=\"\" class=\"wp-image-7116\"\/><\/figure>\n<\/div>\n\n\n\n<div class=\"wp-block-column is-vertically-aligned-center is-layout-flow wp-block-column-is-layout-flow\">\n<p>Ici, dans le d\u00e9sert, leur accompagnement prend une dimension rare. Port\u00e9 par le silence, l\u2019immensit\u00e9 et la puissance des \u00e9l\u00e9ments, le travail de la voix devient un v\u00e9ritable voyage int\u00e9rieur, un chemin du c\u0153ur, sensible et transformateur.<\/p>\n<\/div>\n<\/div>\n\n\n\n<div style=\"height:30px\" aria-hidden=\"true\" class=\"wp-block-spacer\"><\/div>\n\n\n\n<h2 class=\"wp-block-heading has-text-align-center\">L&rsquo;Intention Profonde<\/h2>\n\n\n\n<p>Ensemble, ils proposent des immersions uniques. Un moment suspendu, presque hors du temps, pour d\u00e9poser, c\u00e9l\u00e9brer, laisser \u00e9merger le nouveau\u2026 et s\u2019ouvrir pleinement \u00e0 soi.<\/p>\n\n\n\n<figure class=\"wp-block-image aligncenter size-full\"><img data-recalc-dims=\"1\" loading=\"lazy\" decoding=\"async\" width=\"600\" height=\"352\" src=\"https:\/\/i0.wp.com\/racinesdudesert.com\/stages-retraites-d%C3%A9sert\/wp-content\/uploads\/nuages-de-mots-Kea-Music-600x400-1.png?resize=600%2C352&#038;ssl=1\" alt=\"\" class=\"wp-image-7150\"\/><\/figure>\n\n\n\n<div style=\"height:30px\" aria-hidden=\"true\" class=\"wp-block-spacer\"><\/div>\n\n\n\n<hr class=\"wp-block-separator has-text-color has-accent-2-color has-alpha-channel-opacity has-accent-2-background-color has-background\"\/>\n\n\n\n<div style=\"height:20px\" aria-hidden=\"true\" class=\"wp-block-spacer\"><\/div>\n\n\n\n<h2 class=\"wp-block-heading has-text-align-center\">C\u00e9line<\/h2>\n\n\n\n<div style=\"height:20px\" aria-hidden=\"true\" class=\"wp-block-spacer\"><\/div>\n\n\n\n<div class=\"wp-block-media-text is-stacked-on-mobile\"><figure class=\"wp-block-media-text__media\"><img data-recalc-dims=\"1\" loading=\"lazy\" decoding=\"async\" width=\"450\" height=\"600\" src=\"https:\/\/i0.wp.com\/racinesdudesert.com\/stages-retraites-d%C3%A9sert\/wp-content\/uploads\/Celine-parle-450x600-1.jpg?resize=450%2C600&#038;ssl=1\" alt=\"\" class=\"wp-image-7129 size-full\"\/><\/figure><div class=\"wp-block-media-text__content\">\n<p>C\u00e9line est \u00e0 la fois artiste, chanteuse, coach vocal, sonoth\u00e9rapeute et sophrologue. Mais surtout, elle aime la vie, la libert\u00e9 et la joie.<\/p>\n\n\n\n<p>Elle anime cette retraite avec une envie : \u00e9clairer la voie de chacun avec la voix du c\u0153ur.<\/p>\n<\/div><\/div>\n\n\n\n<div style=\"height:30px\" aria-hidden=\"true\" class=\"wp-block-spacer\"><\/div>\n\n\n\n<hr class=\"wp-block-separator has-alpha-channel-opacity\"\/>\n\n\n\n<div style=\"height:20px\" aria-hidden=\"true\" class=\"wp-block-spacer\"><\/div>\n\n\n\n<h2 class=\"wp-block-heading has-text-align-center\">Jean-Ren\u00e9<\/h2>\n\n\n\n<div style=\"height:20px\" aria-hidden=\"true\" class=\"wp-block-spacer\"><\/div>\n\n\n\n<div class=\"wp-block-media-text is-stacked-on-mobile\"><figure class=\"wp-block-media-text__media\"><img data-recalc-dims=\"1\" loading=\"lazy\" decoding=\"async\" width=\"450\" height=\"600\" src=\"https:\/\/i0.wp.com\/racinesdudesert.com\/stages-retraites-d%C3%A9sert\/wp-content\/uploads\/Jean-Rene-parle-450x600-1.jpg?resize=450%2C600&#038;ssl=1\" alt=\"\" class=\"wp-image-7119 size-full\"\/><\/figure><div class=\"wp-block-media-text__content\">\n<p>D&rsquo;un c\u00f4t\u00e9 artiste, chanteur, pianiste, et sp\u00e9cialiste du Sound Healing, et de l&rsquo;autre, coach et surtout amoureux du vivant et de la nature, Jean-Ren\u00e9 a la passion du partage et de la d\u00e9couverte.<\/p>\n\n\n\n<p>Il vous accompagne dans la joie pour vous aider \u00e0 d\u00e9couvrir et r\u00e9v\u00e9ler la plus belle version de vous-m\u00eame.<\/p>\n<\/div><\/div>\n\n\n\n<div style=\"height:30px\" aria-hidden=\"true\" class=\"wp-block-spacer\"><\/div>\n\n\n\n<hr class=\"wp-block-separator has-alpha-channel-opacity\"\/>\n\n\n\n<div style=\"height:20px\" aria-hidden=\"true\" class=\"wp-block-spacer\"><\/div>\n<\/div>\n\n\n\n<h2 class=\"wp-block-heading has-text-align-center\"><span class=\"tadv-color\" style=\"color:#e86202\"><a href=\"https:\/\/racinesdudesert.com\/stages-retraites-d%C3%A9sert\/le-souffle-du-desert\/\" target=\"_blank\" rel=\"noreferrer noopener\">Faire un voyage avec C\u00e9line et Jean-Ren\u00e9<\/a><\/span><\/h2>\n\n\n\n<div class=\"wp-block-group is-layout-constrained wp-block-group-is-layout-constrained\">\n<div class=\"wp-block-columns is-layout-flex wp-container-core-columns-is-layout-28f84493 wp-block-columns-is-layout-flex\">\n<div class=\"wp-block-column is-layout-flow wp-block-column-is-layout-flow\" style=\"flex-basis:100%\">\n<div class=\"wp-block-cover aligncenter is-light\"><img data-recalc-dims=\"1\" loading=\"lazy\" decoding=\"async\" width=\"1200\" height=\"491\" class=\"wp-block-cover__image-background wp-image-3946 size-full\" alt=\"\" src=\"https:\/\/i0.wp.com\/racinesdudesert.com\/stages-retraites-d%C3%A9sert\/wp-content\/uploads\/marche-sur-la-crete-1200x490-1.jpg?resize=1200%2C491&#038;ssl=1\" data-object-fit=\"cover\" srcset=\"https:\/\/i0.wp.com\/racinesdudesert.com\/stages-retraites-d%C3%A9sert\/wp-content\/uploads\/marche-sur-la-crete-1200x490-1.jpg?w=1200&amp;ssl=1 1200w, https:\/\/i0.wp.com\/racinesdudesert.com\/stages-retraites-d%C3%A9sert\/wp-content\/uploads\/marche-sur-la-crete-1200x490-1.jpg?resize=1024%2C419&amp;ssl=1 1024w, https:\/\/i0.wp.com\/racinesdudesert.com\/stages-retraites-d%C3%A9sert\/wp-content\/uploads\/marche-sur-la-crete-1200x490-1.jpg?resize=768%2C314&amp;ssl=1 768w, https:\/\/i0.wp.com\/racinesdudesert.com\/stages-retraites-d%C3%A9sert\/wp-content\/uploads\/marche-sur-la-crete-1200x490-1.jpg?resize=500%2C205&amp;ssl=1 500w\" sizes=\"auto, (max-width: 1000px) 100vw, 1000px\" \/><span aria-hidden=\"true\" class=\"wp-block-cover__background has-background-dim-0 has-background-dim\" style=\"background-color:#a39796\"><\/span><div class=\"wp-block-cover__inner-container is-layout-constrained wp-block-cover-is-layout-constrained\">\n<p class=\"has-text-align-center has-ast-global-color-4-color has-text-color has-link-color has-larger-font-size wp-elements-4b0bfd805f32ff618fc7ff9e5521affe\"><a href=\"https:\/\/racinesdudesert.com\/stages-retraites-d%C3%A9sert\/le-souffle-du-desert\/\" target=\"_blank\" rel=\"noreferrer noopener\">Le Souffle du D\u00e9sert<\/a><\/p>\n<\/div><\/div>\n<\/div>\n<\/div>\n<\/div>\n\n\n\n<div style=\"height:20px\" aria-hidden=\"true\" class=\"wp-block-spacer\"><\/div>\n\n\n\n<hr class=\"wp-block-separator has-text-color has-accent-2-color has-alpha-channel-opacity has-accent-2-background-color has-background\"\/>\n\n\n\n<div style=\"height:20px\" aria-hidden=\"true\" class=\"wp-block-spacer\"><\/div>\n\n\n\n<div class=\"wp-block-columns is-layout-flex wp-container-core-columns-is-layout-28f84493 wp-block-columns-is-layout-flex\">\n<div class=\"wp-block-column is-layout-flow wp-block-column-is-layout-flow\">\n<div class=\"wp-block-group is-layout-constrained wp-block-group-is-layout-constrained\">\n<p>Tu peux retrouver C\u00e9line et Jean-Ren\u00e9 sur Internet ou sur r\u00e9seaux sociaux :<\/p>\n\n\n\n<div class=\"wp-block-columns is-not-stacked-on-mobile is-layout-flex wp-container-core-columns-is-layout-28f84493 wp-block-columns-is-layout-flex\">\n<div class=\"wp-block-column is-layout-flow wp-block-column-is-layout-flow\">\n<ul class=\"wp-block-social-links is-layout-flex wp-block-social-links-is-layout-flex\"><li class=\"wp-social-link wp-social-link-facebook  wp-block-social-link\"><a rel=\"noopener nofollow\" target=\"_blank\" href=\"https:\/\/www.facebook.com\/keamusic.celinejeanrene\" class=\"wp-block-social-link-anchor\"><svg width=\"24\" height=\"24\" viewBox=\"0 0 24 24\" version=\"1.1\" xmlns=\"http:\/\/www.w3.org\/2000\/svg\" aria-hidden=\"true\" focusable=\"false\"><path d=\"M12 2C6.5 2 2 6.5 2 12c0 5 3.7 9.1 8.4 9.9v-7H7.9V12h2.5V9.8c0-2.5 1.5-3.9 3.8-3.9 1.1 0 2.2.2 2.2.2v2.5h-1.3c-1.2 0-1.6.8-1.6 1.6V12h2.8l-.4 2.9h-2.3v7C18.3 21.1 22 17 22 12c0-5.5-4.5-10-10-10z\"><\/path><\/svg><span class=\"wp-block-social-link-label screen-reader-text\">Facebook<\/span><\/a><\/li>\n\n<li class=\"wp-social-link wp-social-link-chain  wp-block-social-link\"><a rel=\"noopener nofollow\" target=\"_blank\" href=\"https:\/\/formations.keamusic.com\/le-souffle-du-desert-la-traversee-interieure-pour-commenc\/\" class=\"wp-block-social-link-anchor\"><svg width=\"24\" height=\"24\" viewBox=\"0 0 24 24\" version=\"1.1\" xmlns=\"http:\/\/www.w3.org\/2000\/svg\" aria-hidden=\"true\" focusable=\"false\"><path d=\"M15.6,7.2H14v1.5h1.6c2,0,3.7,1.7,3.7,3.7s-1.7,3.7-3.7,3.7H14v1.5h1.6c2.8,0,5.2-2.3,5.2-5.2,0-2.9-2.3-5.2-5.2-5.2zM4.7,12.4c0-2,1.7-3.7,3.7-3.7H10V7.2H8.4c-2.9,0-5.2,2.3-5.2,5.2,0,2.9,2.3,5.2,5.2,5.2H10v-1.5H8.4c-2,0-3.7-1.7-3.7-3.7zm4.6.9h5.3v-1.5H9.3v1.5z\"><\/path><\/svg><span class=\"wp-block-social-link-label screen-reader-text\">Lien<\/span><\/a><\/li><\/ul>\n<\/div>\n<\/div>\n<\/div>\n<\/div>\n<\/div>\n\n\n\n<p><\/p>\n\n\n\n<p><\/p>\n","protected":false},"excerpt":{"rendered":"<p>Profond\u00e9ment humains et authentiques, C\u00e9line et Jean-Ren\u00e9 c\u00e9l\u00e8brent la vie sous toutes ses formes. Leurs pr\u00e9sences se compl\u00e8tent, leurs \u00e9nergies s&rsquo;harmonisent, portant un m\u00eame amour profond du vivant.<\/p>\n","protected":false},"author":1,"featured_media":7112,"comment_status":"closed","ping_status":"closed","sticky":false,"template":"","format":"standard","meta":{"site-sidebar-layout":"default","site-content-layout":"","ast-site-content-layout":"default","site-content-style":"default","site-sidebar-style":"default","ast-global-header-display":"","ast-banner-title-visibility":"","ast-main-header-display":"","ast-hfb-above-header-display":"","ast-hfb-below-header-display":"","ast-hfb-mobile-header-display":"","site-post-title":"","ast-breadcrumbs-content":"","ast-featured-img":"","footer-sml-layout":"","ast-disable-related-posts":"","theme-transparent-header-meta":"","adv-header-id-meta":"","stick-header-meta":"","header-above-stick-meta":"","header-main-stick-meta":"","header-below-stick-meta":"","astra-migrate-meta-layouts":"default","ast-page-background-enabled":"default","ast-page-background-meta":{"desktop":{"background-color":"var(--ast-global-color-5)","background-image":"","background-repeat":"repeat","background-position":"center center","background-size":"auto","background-attachment":"scroll","background-type":"","background-media":"","overlay-type":"","overlay-color":"","overlay-opacity":"","overlay-gradient":""},"tablet":{"background-color":"","background-image":"","background-repeat":"repeat","background-position":"center center","background-size":"auto","background-attachment":"scroll","background-type":"","background-media":"","overlay-type":"","overlay-color":"","overlay-opacity":"","overlay-gradient":""},"mobile":{"background-color":"","background-image":"","background-repeat":"repeat","background-position":"center center","background-size":"auto","background-attachment":"scroll","background-type":"","background-media":"","overlay-type":"","overlay-color":"","overlay-opacity":"","overlay-gradient":""}},"ast-content-background-meta":{"desktop":{"background-color":"var(--ast-global-color-4)","background-image":"","background-repeat":"repeat","background-position":"center center","background-size":"auto","background-attachment":"scroll","background-type":"","background-media":"","overlay-type":"","overlay-color":"","overlay-opacity":"","overlay-gradient":""},"tablet":{"background-color":"var(--ast-global-color-4)","background-image":"","background-repeat":"repeat","background-position":"center center","background-size":"auto","background-attachment":"scroll","background-type":"","background-media":"","overlay-type":"","overlay-color":"","overlay-opacity":"","overlay-gradient":""},"mobile":{"background-color":"var(--ast-global-color-4)","background-image":"","background-repeat":"repeat","background-position":"center center","background-size":"auto","background-attachment":"scroll","background-type":"","background-media":"","overlay-type":"","overlay-color":"","overlay-opacity":"","overlay-gradient":""}},"_jetpack_memberships_contains_paid_content":false,"footnotes":""},"categories":[13],"tags":[24,39,12,44,55,4],"class_list":["post-7098","post","type-post","status-publish","format-standard","has-post-thumbnail","hentry","category-professeurs","tag-cercle-de-parole","tag-mantras","tag-ssage","tag-respiration","tag-rituels","tag-yoga"],"yoast_head":"<!-- This site is optimized with the Yoast SEO plugin v27.4 - https:\/\/yoast.com\/product\/yoast-seo-wordpress\/ -->\n<title>C\u00e9line et Jean-Ren\u00e9 -<\/title>\n<meta name=\"description\" content=\"Profond\u00e9ment humains et authentiques, C\u00e9line et Jean-Ren\u00e9 c\u00e9l\u00e8brent la vie sous toutes ses formes avec un m\u00eame amour profond du vivant.\" \/>\n<meta name=\"robots\" content=\"index, follow, max-snippet:-1, max-image-preview:large, max-video-preview:-1\" \/>\n<link rel=\"canonical\" href=\"https:\/\/racinesdudesert.com\/stages-retraites-d\u00e9sert\/celine-et-jean-rene\/\" \/>\n<meta property=\"og:locale\" content=\"fr_FR\" \/>\n<meta property=\"og:type\" content=\"article\" \/>\n<meta property=\"og:title\" content=\"C\u00e9line et Jean-Ren\u00e9\" \/>\n<meta property=\"og:description\" content=\"Profond\u00e9ment humains et authentiques, C\u00e9line et Jean-Ren\u00e9 c\u00e9l\u00e8brent la vie sous toutes ses formes avec un m\u00eame amour profond du vivant.\" \/>\n<meta property=\"og:url\" content=\"https:\/\/racinesdudesert.com\/stages-retraites-d\u00e9sert\/celine-et-jean-rene\/\" \/>\n<meta property=\"article:publisher\" content=\"https:\/\/www.facebook.com\/people\/Racines-du-Dsert\/100064091077976\/\" \/>\n<meta property=\"article:published_time\" content=\"2026-04-28T08:23:35+00:00\" \/>\n<meta property=\"article:modified_time\" content=\"2026-04-28T11:14:54+00:00\" \/>\n<meta property=\"og:image\" content=\"https:\/\/racinesdudesert.com\/stages-retraites-d%C3%A9sert\/wp-content\/uploads\/Celine-et-Jean-Rene-carre-Personnalise.jpeg\" \/>\n\t<meta property=\"og:image:width\" content=\"200\" \/>\n\t<meta property=\"og:image:height\" content=\"200\" \/>\n\t<meta property=\"og:image:type\" content=\"image\/jpeg\" \/>\n<meta name=\"author\" content=\"racinesdudesert@gmail.com\" \/>\n<meta name=\"twitter:card\" content=\"summary_large_image\" \/>\n<meta name=\"twitter:title\" content=\"C\u00e9line et Jean-Ren\u00e9\" \/>\n<meta name=\"twitter:description\" content=\"Profond\u00e9ment humains et authentiques, C\u00e9line et Jean-Ren\u00e9 c\u00e9l\u00e8brent la vie sous toutes ses formes avec un m\u00eame amour profond du vivant.\" \/>\n<meta name=\"twitter:image\" content=\"https:\/\/i0.wp.com\/racinesdudesert.com\/stages-retraites-d%C3%A9sert\/wp-content\/uploads\/Celine-et-Jean-Rene-carre-Personnalise.jpeg?fit=200%2C200&ssl=1\" \/>\n<meta name=\"twitter:label1\" content=\"\u00c9crit par\" \/>\n\t<meta name=\"twitter:data1\" content=\"racinesdudesert@gmail.com\" \/>\n\t<meta name=\"twitter:label2\" content=\"Dur\u00e9e de lecture estim\u00e9e\" \/>\n\t<meta name=\"twitter:data2\" content=\"3 minutes\" \/>\n<script type=\"application\/ld+json\" class=\"yoast-schema-graph\">{\"@context\":\"https:\\\/\\\/schema.org\",\"@graph\":[{\"@type\":\"Article\",\"@id\":\"https:\\\/\\\/racinesdudesert.com\\\/stages-retraites-d%C3%A9sert\\\/celine-et-jean-rene\\\/#article\",\"isPartOf\":{\"@id\":\"https:\\\/\\\/racinesdudesert.com\\\/stages-retraites-d%C3%A9sert\\\/celine-et-jean-rene\\\/\"},\"author\":{\"name\":\"racinesdudesert@gmail.com\",\"@id\":\"https:\\\/\\\/racinesdudesert.com\\\/stages-retraites-d%C3%A9sert\\\/#\\\/schema\\\/person\\\/b7b3e1aed06c55fe19975d819116e852\"},\"headline\":\"C\u00e9line et Jean-Ren\u00e9\",\"datePublished\":\"2026-04-28T08:23:35+00:00\",\"dateModified\":\"2026-04-28T11:14:54+00:00\",\"mainEntityOfPage\":{\"@id\":\"https:\\\/\\\/racinesdudesert.com\\\/stages-retraites-d%C3%A9sert\\\/celine-et-jean-rene\\\/\"},\"wordCount\":298,\"publisher\":{\"@id\":\"https:\\\/\\\/racinesdudesert.com\\\/stages-retraites-d%C3%A9sert\\\/#organization\"},\"image\":{\"@id\":\"https:\\\/\\\/racinesdudesert.com\\\/stages-retraites-d%C3%A9sert\\\/celine-et-jean-rene\\\/#primaryimage\"},\"thumbnailUrl\":\"https:\\\/\\\/i0.wp.com\\\/racinesdudesert.com\\\/stages-retraites-d%C3%A9sert\\\/wp-content\\\/uploads\\\/Celine-et-Jean-Rene-400x600-1.jpeg?fit=600%2C400&ssl=1\",\"keywords\":[\"cercle de parole\",\"mantras\",\"massage\",\"respiration\",\"rituels\",\"yoga\"],\"articleSection\":[\"Professeurs\"],\"inLanguage\":\"fr-FR\"},{\"@type\":\"WebPage\",\"@id\":\"https:\\\/\\\/racinesdudesert.com\\\/stages-retraites-d%C3%A9sert\\\/celine-et-jean-rene\\\/\",\"url\":\"https:\\\/\\\/racinesdudesert.com\\\/stages-retraites-d%C3%A9sert\\\/celine-et-jean-rene\\\/\",\"name\":\"C\u00e9line et Jean-Ren\u00e9 -\",\"isPartOf\":{\"@id\":\"https:\\\/\\\/racinesdudesert.com\\\/stages-retraites-d%C3%A9sert\\\/#website\"},\"primaryImageOfPage\":{\"@id\":\"https:\\\/\\\/racinesdudesert.com\\\/stages-retraites-d%C3%A9sert\\\/celine-et-jean-rene\\\/#primaryimage\"},\"image\":{\"@id\":\"https:\\\/\\\/racinesdudesert.com\\\/stages-retraites-d%C3%A9sert\\\/celine-et-jean-rene\\\/#primaryimage\"},\"thumbnailUrl\":\"https:\\\/\\\/i0.wp.com\\\/racinesdudesert.com\\\/stages-retraites-d%C3%A9sert\\\/wp-content\\\/uploads\\\/Celine-et-Jean-Rene-400x600-1.jpeg?fit=600%2C400&ssl=1\",\"datePublished\":\"2026-04-28T08:23:35+00:00\",\"dateModified\":\"2026-04-28T11:14:54+00:00\",\"description\":\"Profond\u00e9ment humains et authentiques, C\u00e9line et Jean-Ren\u00e9 c\u00e9l\u00e8brent la vie sous toutes ses formes avec un m\u00eame amour profond du vivant.\",\"breadcrumb\":{\"@id\":\"https:\\\/\\\/racinesdudesert.com\\\/stages-retraites-d%C3%A9sert\\\/celine-et-jean-rene\\\/#breadcrumb\"},\"inLanguage\":\"fr-FR\",\"potentialAction\":[{\"@type\":\"ReadAction\",\"target\":[\"https:\\\/\\\/racinesdudesert.com\\\/stages-retraites-d%C3%A9sert\\\/celine-et-jean-rene\\\/\"]}]},{\"@type\":\"ImageObject\",\"inLanguage\":\"fr-FR\",\"@id\":\"https:\\\/\\\/racinesdudesert.com\\\/stages-retraites-d%C3%A9sert\\\/celine-et-jean-rene\\\/#primaryimage\",\"url\":\"https:\\\/\\\/i0.wp.com\\\/racinesdudesert.com\\\/stages-retraites-d%C3%A9sert\\\/wp-content\\\/uploads\\\/Celine-et-Jean-Rene-400x600-1.jpeg?fit=600%2C400&ssl=1\",\"contentUrl\":\"https:\\\/\\\/i0.wp.com\\\/racinesdudesert.com\\\/stages-retraites-d%C3%A9sert\\\/wp-content\\\/uploads\\\/Celine-et-Jean-Rene-400x600-1.jpeg?fit=600%2C400&ssl=1\",\"width\":600,\"height\":400},{\"@type\":\"BreadcrumbList\",\"@id\":\"https:\\\/\\\/racinesdudesert.com\\\/stages-retraites-d%C3%A9sert\\\/celine-et-jean-rene\\\/#breadcrumb\",\"itemListElement\":[{\"@type\":\"ListItem\",\"position\":1,\"name\":\"Accueil\",\"item\":\"https:\\\/\\\/racinesdudesert.com\\\/stages-retraites-d%C3%A9sert\\\/\"},{\"@type\":\"ListItem\",\"position\":2,\"name\":\"C\u00e9line et Jean-Ren\u00e9\"}]},{\"@type\":\"WebSite\",\"@id\":\"https:\\\/\\\/racinesdudesert.com\\\/stages-retraites-d%C3%A9sert\\\/#website\",\"url\":\"https:\\\/\\\/racinesdudesert.com\\\/stages-retraites-d%C3%A9sert\\\/\",\"name\":\"\",\"description\":\"Organisation de retraites dans le d\u00e9sert\",\"publisher\":{\"@id\":\"https:\\\/\\\/racinesdudesert.com\\\/stages-retraites-d%C3%A9sert\\\/#organization\"},\"potentialAction\":[{\"@type\":\"SearchAction\",\"target\":{\"@type\":\"EntryPoint\",\"urlTemplate\":\"https:\\\/\\\/racinesdudesert.com\\\/stages-retraites-d%C3%A9sert\\\/?s={search_term_string}\"},\"query-input\":{\"@type\":\"PropertyValueSpecification\",\"valueRequired\":true,\"valueName\":\"search_term_string\"}}],\"inLanguage\":\"fr-FR\"},{\"@type\":\"Organization\",\"@id\":\"https:\\\/\\\/racinesdudesert.com\\\/stages-retraites-d%C3%A9sert\\\/#organization\",\"name\":\"Racines du D\u00e9sert\",\"alternateName\":\"Les Racines du D\u00e9sert\",\"url\":\"https:\\\/\\\/racinesdudesert.com\\\/stages-retraites-d%C3%A9sert\\\/\",\"logo\":{\"@type\":\"ImageObject\",\"inLanguage\":\"fr-FR\",\"@id\":\"https:\\\/\\\/racinesdudesert.com\\\/stages-retraites-d%C3%A9sert\\\/#\\\/schema\\\/logo\\\/image\\\/\",\"url\":\"https:\\\/\\\/i0.wp.com\\\/racinesdudesert.com\\\/stages-retraites-d%C3%A9sert\\\/wp-content\\\/uploads\\\/cropped-a-imprimer.png?fit=793%2C353&ssl=1\",\"contentUrl\":\"https:\\\/\\\/i0.wp.com\\\/racinesdudesert.com\\\/stages-retraites-d%C3%A9sert\\\/wp-content\\\/uploads\\\/cropped-a-imprimer.png?fit=793%2C353&ssl=1\",\"width\":793,\"height\":353,\"caption\":\"Racines du D\u00e9sert\"},\"image\":{\"@id\":\"https:\\\/\\\/racinesdudesert.com\\\/stages-retraites-d%C3%A9sert\\\/#\\\/schema\\\/logo\\\/image\\\/\"},\"sameAs\":[\"https:\\\/\\\/www.facebook.com\\\/people\\\/Racines-du-Dsert\\\/100064091077976\\\/\",\"https:\\\/\\\/www.instagram.com\\\/racines_du_desert\\\/\"]},{\"@type\":\"Person\",\"@id\":\"https:\\\/\\\/racinesdudesert.com\\\/stages-retraites-d%C3%A9sert\\\/#\\\/schema\\\/person\\\/b7b3e1aed06c55fe19975d819116e852\",\"name\":\"racinesdudesert@gmail.com\",\"image\":{\"@type\":\"ImageObject\",\"inLanguage\":\"fr-FR\",\"@id\":\"https:\\\/\\\/secure.gravatar.com\\\/avatar\\\/575fd2bc1c02ea3d33fd07d8cf0409592824cab3fc8c40bb4728314dd4039a2a?s=96&d=mm&r=g\",\"url\":\"https:\\\/\\\/secure.gravatar.com\\\/avatar\\\/575fd2bc1c02ea3d33fd07d8cf0409592824cab3fc8c40bb4728314dd4039a2a?s=96&d=mm&r=g\",\"contentUrl\":\"https:\\\/\\\/secure.gravatar.com\\\/avatar\\\/575fd2bc1c02ea3d33fd07d8cf0409592824cab3fc8c40bb4728314dd4039a2a?s=96&d=mm&r=g\",\"caption\":\"racinesdudesert@gmail.com\"},\"sameAs\":[\"https:\\\/\\\/racinesdudesert.com\\\/stages-retraites-d%C3%A9sert\"],\"url\":\"https:\\\/\\\/racinesdudesert.com\\\/stages-retraites-d%C3%A9sert\\\/author\\\/racinesdudesertgmail-com\\\/\"}]}<\/script>\n<!-- \/ Yoast SEO plugin. -->","yoast_head_json":{"title":"C\u00e9line et Jean-Ren\u00e9 -","description":"Profond\u00e9ment humains et authentiques, C\u00e9line et Jean-Ren\u00e9 c\u00e9l\u00e8brent la vie sous toutes ses formes avec un m\u00eame amour profond du vivant.","robots":{"index":"index","follow":"follow","max-snippet":"max-snippet:-1","max-image-preview":"max-image-preview:large","max-video-preview":"max-video-preview:-1"},"canonical":"https:\/\/racinesdudesert.com\/stages-retraites-d\u00e9sert\/celine-et-jean-rene\/","og_locale":"fr_FR","og_type":"article","og_title":"C\u00e9line et Jean-Ren\u00e9","og_description":"Profond\u00e9ment humains et authentiques, C\u00e9line et Jean-Ren\u00e9 c\u00e9l\u00e8brent la vie sous toutes ses formes avec un m\u00eame amour profond du vivant.","og_url":"https:\/\/racinesdudesert.com\/stages-retraites-d\u00e9sert\/celine-et-jean-rene\/","article_publisher":"https:\/\/www.facebook.com\/people\/Racines-du-Dsert\/100064091077976\/","article_published_time":"2026-04-28T08:23:35+00:00","article_modified_time":"2026-04-28T11:14:54+00:00","og_image":[{"width":200,"height":200,"url":"https:\/\/racinesdudesert.com\/stages-retraites-d%C3%A9sert\/wp-content\/uploads\/Celine-et-Jean-Rene-carre-Personnalise.jpeg","type":"image\/jpeg"}],"author":"racinesdudesert@gmail.com","twitter_card":"summary_large_image","twitter_title":"C\u00e9line et Jean-Ren\u00e9","twitter_description":"Profond\u00e9ment humains et authentiques, C\u00e9line et Jean-Ren\u00e9 c\u00e9l\u00e8brent la vie sous toutes ses formes avec un m\u00eame amour profond du vivant.","twitter_image":"https:\/\/i0.wp.com\/racinesdudesert.com\/stages-retraites-d%C3%A9sert\/wp-content\/uploads\/Celine-et-Jean-Rene-carre-Personnalise.jpeg?fit=200%2C200&ssl=1","twitter_misc":{"\u00c9crit par":"racinesdudesert@gmail.com","Dur\u00e9e de lecture estim\u00e9e":"3 minutes"},"schema":{"@context":"https:\/\/schema.org","@graph":[{"@type":"Article","@id":"https:\/\/racinesdudesert.com\/stages-retraites-d%C3%A9sert\/celine-et-jean-rene\/#article","isPartOf":{"@id":"https:\/\/racinesdudesert.com\/stages-retraites-d%C3%A9sert\/celine-et-jean-rene\/"},"author":{"name":"racinesdudesert@gmail.com","@id":"https:\/\/racinesdudesert.com\/stages-retraites-d%C3%A9sert\/#\/schema\/person\/b7b3e1aed06c55fe19975d819116e852"},"headline":"C\u00e9line et Jean-Ren\u00e9","datePublished":"2026-04-28T08:23:35+00:00","dateModified":"2026-04-28T11:14:54+00:00","mainEntityOfPage":{"@id":"https:\/\/racinesdudesert.com\/stages-retraites-d%C3%A9sert\/celine-et-jean-rene\/"},"wordCount":298,"publisher":{"@id":"https:\/\/racinesdudesert.com\/stages-retraites-d%C3%A9sert\/#organization"},"image":{"@id":"https:\/\/racinesdudesert.com\/stages-retraites-d%C3%A9sert\/celine-et-jean-rene\/#primaryimage"},"thumbnailUrl":"https:\/\/i0.wp.com\/racinesdudesert.com\/stages-retraites-d%C3%A9sert\/wp-content\/uploads\/Celine-et-Jean-Rene-400x600-1.jpeg?fit=600%2C400&ssl=1","keywords":["cercle de parole","mantras","massage","respiration","rituels","yoga"],"articleSection":["Professeurs"],"inLanguage":"fr-FR"},{"@type":"WebPage","@id":"https:\/\/racinesdudesert.com\/stages-retraites-d%C3%A9sert\/celine-et-jean-rene\/","url":"https:\/\/racinesdudesert.com\/stages-retraites-d%C3%A9sert\/celine-et-jean-rene\/","name":"C\u00e9line et Jean-Ren\u00e9 -","isPartOf":{"@id":"https:\/\/racinesdudesert.com\/stages-retraites-d%C3%A9sert\/#website"},"primaryImageOfPage":{"@id":"https:\/\/racinesdudesert.com\/stages-retraites-d%C3%A9sert\/celine-et-jean-rene\/#primaryimage"},"image":{"@id":"https:\/\/racinesdudesert.com\/stages-retraites-d%C3%A9sert\/celine-et-jean-rene\/#primaryimage"},"thumbnailUrl":"https:\/\/i0.wp.com\/racinesdudesert.com\/stages-retraites-d%C3%A9sert\/wp-content\/uploads\/Celine-et-Jean-Rene-400x600-1.jpeg?fit=600%2C400&ssl=1","datePublished":"2026-04-28T08:23:35+00:00","dateModified":"2026-04-28T11:14:54+00:00","description":"Profond\u00e9ment humains et authentiques, C\u00e9line et Jean-Ren\u00e9 c\u00e9l\u00e8brent la vie sous toutes ses formes avec un m\u00eame amour profond du vivant.","breadcrumb":{"@id":"https:\/\/racinesdudesert.com\/stages-retraites-d%C3%A9sert\/celine-et-jean-rene\/#breadcrumb"},"inLanguage":"fr-FR","potentialAction":[{"@type":"ReadAction","target":["https:\/\/racinesdudesert.com\/stages-retraites-d%C3%A9sert\/celine-et-jean-rene\/"]}]},{"@type":"ImageObject","inLanguage":"fr-FR","@id":"https:\/\/racinesdudesert.com\/stages-retraites-d%C3%A9sert\/celine-et-jean-rene\/#primaryimage","url":"https:\/\/i0.wp.com\/racinesdudesert.com\/stages-retraites-d%C3%A9sert\/wp-content\/uploads\/Celine-et-Jean-Rene-400x600-1.jpeg?fit=600%2C400&ssl=1","contentUrl":"https:\/\/i0.wp.com\/racinesdudesert.com\/stages-retraites-d%C3%A9sert\/wp-content\/uploads\/Celine-et-Jean-Rene-400x600-1.jpeg?fit=600%2C400&ssl=1","width":600,"height":400},{"@type":"BreadcrumbList","@id":"https:\/\/racinesdudesert.com\/stages-retraites-d%C3%A9sert\/celine-et-jean-rene\/#breadcrumb","itemListElement":[{"@type":"ListItem","position":1,"name":"Accueil","item":"https:\/\/racinesdudesert.com\/stages-retraites-d%C3%A9sert\/"},{"@type":"ListItem","position":2,"name":"C\u00e9line et Jean-Ren\u00e9"}]},{"@type":"WebSite","@id":"https:\/\/racinesdudesert.com\/stages-retraites-d%C3%A9sert\/#website","url":"https:\/\/racinesdudesert.com\/stages-retraites-d%C3%A9sert\/","name":"","description":"Organisation de retraites dans le d\u00e9sert","publisher":{"@id":"https:\/\/racinesdudesert.com\/stages-retraites-d%C3%A9sert\/#organization"},"potentialAction":[{"@type":"SearchAction","target":{"@type":"EntryPoint","urlTemplate":"https:\/\/racinesdudesert.com\/stages-retraites-d%C3%A9sert\/?s={search_term_string}"},"query-input":{"@type":"PropertyValueSpecification","valueRequired":true,"valueName":"search_term_string"}}],"inLanguage":"fr-FR"},{"@type":"Organization","@id":"https:\/\/racinesdudesert.com\/stages-retraites-d%C3%A9sert\/#organization","name":"Racines du D\u00e9sert","alternateName":"Les Racines du D\u00e9sert","url":"https:\/\/racinesdudesert.com\/stages-retraites-d%C3%A9sert\/","logo":{"@type":"ImageObject","inLanguage":"fr-FR","@id":"https:\/\/racinesdudesert.com\/stages-retraites-d%C3%A9sert\/#\/schema\/logo\/image\/","url":"https:\/\/i0.wp.com\/racinesdudesert.com\/stages-retraites-d%C3%A9sert\/wp-content\/uploads\/cropped-a-imprimer.png?fit=793%2C353&ssl=1","contentUrl":"https:\/\/i0.wp.com\/racinesdudesert.com\/stages-retraites-d%C3%A9sert\/wp-content\/uploads\/cropped-a-imprimer.png?fit=793%2C353&ssl=1","width":793,"height":353,"caption":"Racines du D\u00e9sert"},"image":{"@id":"https:\/\/racinesdudesert.com\/stages-retraites-d%C3%A9sert\/#\/schema\/logo\/image\/"},"sameAs":["https:\/\/www.facebook.com\/people\/Racines-du-Dsert\/100064091077976\/","https:\/\/www.instagram.com\/racines_du_desert\/"]},{"@type":"Person","@id":"https:\/\/racinesdudesert.com\/stages-retraites-d%C3%A9sert\/#\/schema\/person\/b7b3e1aed06c55fe19975d819116e852","name":"racinesdudesert@gmail.com","image":{"@type":"ImageObject","inLanguage":"fr-FR","@id":"https:\/\/secure.gravatar.com\/avatar\/575fd2bc1c02ea3d33fd07d8cf0409592824cab3fc8c40bb4728314dd4039a2a?s=96&d=mm&r=g","url":"https:\/\/secure.gravatar.com\/avatar\/575fd2bc1c02ea3d33fd07d8cf0409592824cab3fc8c40bb4728314dd4039a2a?s=96&d=mm&r=g","contentUrl":"https:\/\/secure.gravatar.com\/avatar\/575fd2bc1c02ea3d33fd07d8cf0409592824cab3fc8c40bb4728314dd4039a2a?s=96&d=mm&r=g","caption":"racinesdudesert@gmail.com"},"sameAs":["https:\/\/racinesdudesert.com\/stages-retraites-d%C3%A9sert"],"url":"https:\/\/racinesdudesert.com\/stages-retraites-d%C3%A9sert\/author\/racinesdudesertgmail-com\/"}]}},"jetpack_featured_media_url":"https:\/\/i0.wp.com\/racinesdudesert.com\/stages-retraites-d%C3%A9sert\/wp-content\/uploads\/Celine-et-Jean-Rene-400x600-1.jpeg?fit=600%2C400&ssl=1","jetpack_sharing_enabled":true,"_links":{"self":[{"href":"https:\/\/racinesdudesert.com\/stages-retraites-d%C3%A9sert\/wp-json\/wp\/v2\/posts\/7098","targetHints":{"allow":["GET"]}}],"collection":[{"href":"https:\/\/racinesdudesert.com\/stages-retraites-d%C3%A9sert\/wp-json\/wp\/v2\/posts"}],"about":[{"href":"https:\/\/racinesdudesert.com\/stages-retraites-d%C3%A9sert\/wp-json\/wp\/v2\/types\/post"}],"author":[{"embeddable":true,"href":"https:\/\/racinesdudesert.com\/stages-retraites-d%C3%A9sert\/wp-json\/wp\/v2\/users\/1"}],"replies":[{"embeddable":true,"href":"https:\/\/racinesdudesert.com\/stages-retraites-d%C3%A9sert\/wp-json\/wp\/v2\/comments?post=7098"}],"version-history":[{"count":32,"href":"https:\/\/racinesdudesert.com\/stages-retraites-d%C3%A9sert\/wp-json\/wp\/v2\/posts\/7098\/revisions"}],"predecessor-version":[{"id":7202,"href":"https:\/\/racinesdudesert.com\/stages-retraites-d%C3%A9sert\/wp-json\/wp\/v2\/posts\/7098\/revisions\/7202"}],"wp:featuredmedia":[{"embeddable":true,"href":"https:\/\/racinesdudesert.com\/stages-retraites-d%C3%A9sert\/wp-json\/wp\/v2\/media\/7112"}],"wp:attachment":[{"href":"https:\/\/racinesdudesert.com\/stages-retraites-d%C3%A9sert\/wp-json\/wp\/v2\/media?parent=7098"}],"wp:term":[{"taxonomy":"category","embeddable":true,"href":"https:\/\/racinesdudesert.com\/stages-retraites-d%C3%A9sert\/wp-json\/wp\/v2\/categories?post=7098"},{"taxonomy":"post_tag","embeddable":true,"href":"https:\/\/racinesdudesert.com\/stages-retraites-d%C3%A9sert\/wp-json\/wp\/v2\/tags?post=7098"}],"curies":[{"name":"wp","href":"https:\/\/api.w.org\/{rel}","templated":true}]}}